{"id":1900,"date":"2026-06-09T19:18:17","date_gmt":"2026-06-09T19:18:17","guid":{"rendered":"https:\/\/www.magdaarama.it\/?p=1900"},"modified":"2026-06-09T19:18:18","modified_gmt":"2026-06-09T19:18:18","slug":"dincolo-de-calorii-importanta-valorilor-nutritionale-vs-energia-vitala-a-alimentelor","status":"publish","type":"post","link":"https:\/\/www.magdaarama.it\/it\/dincolo-de-calorii-importanta-valorilor-nutritionale-vs-energia-vitala-a-alimentelor\/","title":{"rendered":"Dincolo de Calorii: Importan\u021ba Valorilor Nutri\u021bionale vs. Energia Vital\u0103 a Alimentelor"},"content":{"rendered":"<p class=\"wp-block-paragraph\">\u00cen cabinetele de nutri\u021bie \u0219i pe etichetele produselor din supermarket, toat\u0103 lumea vorbe\u0219te despre acela\u0219i lucru: <strong>valorile nutri\u021bionale<\/strong>. \u00cenv\u0103\u021b\u0103m s\u0103 num\u0103r\u0103m calorii, s\u0103 calcul\u0103m gramele de proteine, s\u0103 ne ferim de gr\u0103simi \u0219i s\u0103 c\u0103ut\u0103m alimente fortificate cu vitamine.<\/p>\n\n\n\n<p class=\"wp-block-paragraph\">Dar atunci oare de ce, uneori, de\u0219i m\u00e2nc\u0103m \u201ela gram\u201d \u0219i respect\u0103m toate regulile nutri\u021bionale, ne sim\u021bim totu\u0219i extenua\u021bi, lipsi\u021bi de via\u021b\u0103 \u0219i bloca\u021bi?<\/p>\n\n\n\n<p class=\"wp-block-paragraph\">R\u0103spunsul este simplu: <strong>m\u00e2ncarea nu \u00eenseamn\u0103 doar biochimie, ci \u0219i biofizic\u0103.<\/strong> Pe l\u00e2ng\u0103 valoarea nutri\u021bional\u0103, alimentele au o <strong>valoare energetic\u0103 vibra\u021bional\u0103<\/strong> despre care se vorbe\u0219te mult prea pu\u021bin.<\/p>\n\n\n\n<h3 class=\"wp-block-heading\">Diferen\u021ba dintre valoarea nutri\u021bional\u0103 \u0219i valoarea energetic\u0103<\/h3>\n\n\n\n<ul class=\"wp-block-list\">\n<li><strong>Valoarea nutri\u021bional\u0103<\/strong> ne spune din ce este compus alimentul la nivel material (c\u0103r\u0103mizile corpului).<\/li>\n\n\n\n<li><strong>Valoarea energetic\u0103 (m\u0103surat\u0103 \u00een unit\u0103\u021bi Angstr\u00f6m)<\/strong> ne spune <strong>c\u00e2t\u0103 via\u021b\u0103<\/strong> mai exist\u0103 \u00een acel aliment. Ea m\u0103soar\u0103 lungimea de und\u0103 electromagnetic\u0103 a alimentului, adic\u0103 energia sa vital\u0103 (sau <em>Prana \/ Qi<\/em>, cum o numesc tradi\u021biile str\u0103vechi).<\/li>\n<\/ul>\n\n\n\n<p class=\"wp-block-paragraph\">Inginerul francez Andr\u00e9 Simoneton a demonstrat \u00een secolul trecut c\u0103 un corp uman s\u0103n\u0103tos vibreaz\u0103 la o lungime de und\u0103 de aproximativ <strong>6.500 de unit\u0103\u021bi Angstr\u00f6m \u00c5<\/strong>. C\u00e2nd vibra\u021bia noastr\u0103 scade sub acest prag, celulele \u00ee\u0219i pierd din vitalitate \u0219i apare terenul propice pentru boal\u0103.<\/p>\n\n\n\n<p class=\"wp-block-paragraph\">Prin urmare, alimentele pe care le consum\u0103m pot fi:<\/p>\n\n\n\n<ol start=\"1\" class=\"wp-block-list\">\n<li><strong>Biogene \u0219i Biostatice (Alimente vii):<\/strong> Cele care ne ofer\u0103 energie, ne ridic\u0103 vibra\u021bia deasupra pragului de $6.500\\text{ \u00c5}$ \u0219i ajut\u0103 programul nativ de autovindecare al corpului.<\/li>\n\n\n\n<li><strong>Biocidice (Alimente moarte):<\/strong> Alimente care nu mai au nicio energie vital\u0103. Chiar dac\u0103 au calorii sau vitamine sintetice ad\u0103ugate, ele ne \u201efur\u0103\u201d din energia proprie pentru a fi digerate (de exemplu, alimentele ultraprocesate, conservele, zah\u0103rul rafinat).<\/li>\n<\/ol>\n\n\n\n<p class=\"wp-block-paragraph\">Dac\u0103 vrem s\u0103 ne activ\u0103m cu adev\u0103rat mecanismele de autovindecare, trebuie s\u0103 punem \u00een farfurie <strong>hran\u0103 vie<\/strong>, care radiaz\u0103 energie celular\u0103!<\/p>\n\n\n\n<h3 class=\"wp-block-heading\">Campionii energiei vitale (M\u0103surate \u00een Unit\u0103\u021bi Angstr\u00f6m &#8211; \u00c5<\/h3>\n\n\n\n<p class=\"wp-block-paragraph\">Iat\u0103 alimentele cu cea mai mare energie electromagnetic\u0103, pe care corpul le recunoa\u0219te instantaneu ca \u201emesaje de via\u021b\u0103\u201d:<\/p>\n\n\n\n<ul class=\"wp-block-list\">\n<li><strong>Fructele proaspete, coapte la soare 8.000 <strong>\u00c5<\/strong>&#8211; 10.000 \u00c5:<\/strong> Absorb direct fotonii (energia solar\u0103). Cu c\u00e2t sunt m\u00e2ncate mai proaspete (ideal, proasp\u0103t culese), cu at\u00e2t vibra\u021bia lor este mai mare (ananas, mango, fructe de p\u0103dure s\u0103lbatice, citrice).<\/li>\n\n\n\n<li><strong>Legumele crude \u0219i verde\u021burile 7.000 \u00c5 &#8211; 9.000 \u00c5:<\/strong> Verde\u021burile bogate \u00een clorofil\u0103 sunt adev\u0103rate acumulatoare de energie. Vl\u0103starii (micro-plantele) se afl\u0103 \u00een faza de explozie a vie\u021bii, av\u00e2nd o valoare energetic\u0103 uria\u0219\u0103.<\/li>\n\n\n\n<li><strong>Oleaginoasele \u0219i semin\u021bele crude 7.000 \u00c5 &#8211; 8.500 \u00c5:<\/strong> Nucile, migdalele, semin\u021bele de dovleac sau susan, atunci c\u00e2nd sunt crude \u0219i hidratate \u00een ap\u0103, \u00ee\u0219i \u201etrezesc\u201d energia vital\u0103 adormit\u0103.<\/li>\n\n\n\n<li><strong>Produsele apicole 8.500 \u00c5 &#8211; 10.000 \u00c5:<\/strong> Mierea crud\u0103, polenul crud \u0219i l\u0103pti\u0219orul de matc\u0103 sunt concentrate pure de energie bio-electromagnetic\u0103.<\/li>\n\n\n\n<li><strong>Uleiurile presate la rece 7.000 \u00c5 &#8211; 8.500 \u00c5:<\/strong> Ob\u021binute exclusiv prin mijloace mecanice, f\u0103r\u0103 rafinare termic\u0103 sau chimic\u0103, p\u0103streaz\u0103 for\u021ba energetic\u0103 a plantei.<\/li>\n<\/ul>\n\n\n\n<h3 class=\"wp-block-heading\">\u26a0\ufe0f Alimente slab energizate \u0219i \u201eho\u021bi de energie\u201d (Sub $6.500 \u00c5)<\/h3>\n\n\n\n<p class=\"wp-block-paragraph\">Dac\u0103 alimentele de mai sus ne \u00eencarc\u0103 bateriile celulare, exist\u0103 o \u00eentreag\u0103 categorie de produse care fac exact contrariul. De\u0219i fac parte din dieta zilnic\u0103 a majorit\u0103\u021bii oamenilor \u0219i sunt pline de calorii, din punct de vedere electromagnetic ele sunt aproape \u201emoarte\u201d.<\/p>\n\n\n\n<p class=\"wp-block-paragraph\">Atunci c\u00e2nd le consum\u0103m, corpul nu prime\u0219te energie vital\u0103, ci este for\u021bat s\u0103 \u00ee\u0219i consume propriile rezerve interne pentru a le putea digera, metaboliza \u0219i neutraliza acizii:<\/p>\n\n\n\n<ul class=\"wp-block-list\">\n<li><strong>Alimentele g\u0103tite excesiv sau re\u00eenc\u0103lzite 3.000 &#8211; 4.000 \u00c5:<\/strong> Legumele fierte timp \u00eendelungat, ciorbele re\u00eenc\u0103lzite de mai multe ori sau m\u00e2ncarea l\u0103sat\u0103 zile \u00een \u0219ir \u00een frigider \u00ee\u0219i pierd aproape complet lungimea de und\u0103 electromagnetic\u0103. R\u0103m\u00e2ne doar materia, energia dispare.<\/li>\n\n\n\n<li><strong>Lactatele pasteurizate \u0219i sterilizate UHT 2.000 \u00c5 &#8211; 3.000 \u00c5:<\/strong> Prin procesarea termic\u0103 industrial\u0103 agresiv\u0103, laptele de la raft \u00ee\u0219i pierde structura vie. De\u0219i con\u021bine calciu \u0219i gr\u0103simi pe etichet\u0103, energetic el nu mai aduce vitalitate.<\/li>\n\n\n\n<li><strong>F\u0103inoasele rafinate \u0219i produsele de patiserie 1.500 \u00c5 &#8211; 2.500 \u00c5:<\/strong> P\u00e2inea alb\u0103, covrigii, gogo\u0219ile \u0219i pastele f\u0103cute din f\u0103in\u0103 intens procesat\u0103 chimic \u0219i lipsit\u0103 de t\u0103r\u00e2\u021be au o vibra\u021bie extrem de sc\u0103zut\u0103. Ele aduc un aport masiv de glucoz\u0103, dar creeaz\u0103 o pr\u0103bu\u0219ire energetic\u0103 la nivel celular.<\/li>\n\n\n\n<li><strong>Carnea procesat\u0103 \u0219i mezelurile 1.000 \u00c5 &#8211; 2.000 \u00c5:<\/strong> Carnea ro\u0219ie preparat\u0103 la temperaturi uria\u0219e (gr\u0103tar, pr\u0103jire) sau transformat\u0103 \u00een mezeluri pline de conservan\u021bi (nitri\u021bi, fosfa\u021bi) se afl\u0103 la baza sc\u0103rii vibra\u021bionale. Ea genereaz\u0103 inflama\u021bie \u0219i aciditate \u00een \u021besuturi.<\/li>\n\n\n\n<li><strong>Zah\u0103rul alb \u0219i produsele ultraprocesate. Aproape $0 \u00c5:<\/strong> Zah\u0103rul rafinat, b\u0103uturile r\u0103coritoare acidulate, dulciurile ambalate cu termen de valabilitate de c\u00e2teva luni \u0219i alimentele fast-food sunt \u201eg\u0103uri negre\u201d energetice. Ele nu doar c\u0103 au o vibra\u021bie nul\u0103, dar ac\u021bioneaz\u0103 ca adev\u0103ra\u021bi ho\u021bi, jefuind corpul de minerale esen\u021biale (magneziu, calciu) pentru a putea fi eliminate.<\/li>\n<\/ul>\n\n\n\n<p class=\"wp-block-paragraph\">Consumul ocazional nu ne doboar\u0103, \u00eens\u0103 atunci c\u00e2nd baza alimenta\u021biei noastre este format\u0103 doar din aceste produse pozi\u021bionate mult sub pragul de siguran\u021b\u0103 de $6.500\\text{ \u00c5}$, terenul nostru interior devine vulnerabil.<\/p>\n\n\n\n<h3 class=\"wp-block-heading\">\ud83e\udda0 Frecven\u021bele microbilor \u0219i scutul nostru energetic<\/h3>\n\n\n\n<p class=\"wp-block-paragraph\">Corpul uman radiaz\u0103, \u00een medie, la o frecven\u021b\u0103 de 6.500 \u00c5. Microbii \u0219i celelalte microorganisme purt\u0103toare de boli \u00ee\u0219i radiaz\u0103 for\u021ba vital\u0103 la frecven\u021be mult mai joase de at\u00e2t. Se consider\u0103 c\u0103 fiin\u021bele umane pot fi afectate negativ de aceste forme de via\u021b\u0103 primitive doar \u0219i \u00een exclusivitate dac\u0103 energiile noastre vitale scad la niveluri foarte joase \u0219i dac\u0103 le permitem s\u0103 coboare p\u00e2n\u0103 la frecven\u021ba lor, \u00een loc s\u0103 r\u0103m\u00e2nem deasupra acesteia.<\/p>\n\n\n\n<p class=\"wp-block-paragraph\">Rata noastr\u0103 vibra\u021bional\u0103 scade ca o consecin\u021b\u0103 a abuzului de substan\u021be, medicamente, alcool, fumat, a sedentarismului, precum \u0219i a consumului regulat de alimente aproape moarte sau lipsite de minerale, oligoelemente, vitamine naturale \u0219i fitonutrien\u021bi.<\/p>\n\n\n\n<p class=\"wp-block-paragraph\">Este important de re\u021binut c\u0103 pacien\u021bii oncologici radiaz\u0103 la 1.875 \u00c5 \u2013 exact aceea\u0219i m\u0103sur\u0103toare pe care o au p\u00e2inea alb\u0103 foarte rafinat\u0103, carnea ro\u0219ie g\u0103tit\u0103 pe gr\u0103tar, laptele sterilizat, zah\u0103rul alb sau gr\u0103simile industriale \u0219i to\u021bi deriva\u021bii lor.<\/p>\n\n\n\n<p class=\"wp-block-paragraph\">Suntem pe deplin con\u0219tien\u021bi de transformarea energetic\u0103 a hranei, pilotat\u0103 de marile puteri seculare. Introducere \u201echimiei\u201d \u00een alimenta\u021bie, medicin\u0103 \u0219i mediu a \u00eencetinit, dar nu a oprit evolu\u021bia con\u0219tiin\u021bei umane; iar aceasta nu va putea fi oprit\u0103 sub nicio form\u0103.<\/p>\n\n\n\n<h3 class=\"wp-block-heading\">\ud83c\udf1f Alegerea \u00ee\u021bi apar\u021bine: C\u00e2t\u0103 energie d\u0103ruie\u0219ti corpului t\u0103u ast\u0103zi?<\/h3>\n\n\n\n<p class=\"wp-block-paragraph\">Data viitoare c\u00e2nd te a\u0219ezi la mas\u0103, prive\u0219te-\u021bi farfuria dincolo de num\u0103rul de calorii sau gramele de carbohidra\u021bi. Pune-\u021bi o \u00eentrebare simpl\u0103, dar profund\u0103: <strong><em>\u201eC\u00e2t\u0103 via\u021b\u0103 \u0219i c\u00e2t\u0103 lumin\u0103 se afl\u0103 \u00een acest aliment?\u201d<\/em><\/strong><\/p>\n\n\n\n<p class=\"wp-block-paragraph\">A m\u00e2nca <strong>hran\u0103 vie<\/strong>, cu o vibra\u021bie energetic\u0103 \u00eenalt\u0103, nu este o diet\u0103 restrictiv\u0103, ci un act suprem de respect \u0219i iubire fa\u021b\u0103 de propriul corp. Este modul t\u0103u prin care \u00eei spui sistemului t\u0103u celular: <em><strong>\u201eTe sus\u021bin, te hr\u0103nesc \u0219i \u00ee\u021bi ofer spa\u021biul s\u0103 te regenerezi.\u201d<\/strong><\/em><\/p>\n\n\n\n<p class=\"wp-block-paragraph\">S\u0103n\u0103tatea este o stare de armonie pe care o cultivi zi de zi, alegere cu alegere. Redu povara toxinelor, caut\u0103 simplitatea, bucur\u0103-te de fiecare arom\u0103 real\u0103 pe care natura a copt-o la soare \u0219i las\u0103-\u021bi corpul s\u0103 fac\u0103 ceea ce \u0219tie el cel mai bine: s\u0103 exprime via\u021b\u0103 la cea mai \u00eenalt\u0103 frecven\u021b\u0103.<\/p>\n\n\n\n<div class=\"wp-block-uagb-advanced-heading uagb-block-6636f6d6\"><h4 class=\"uagb-heading-text\">\ud835\udc13\ud835\udc2e \ud835\udc1c\ud835\udc1e \ud835\udc26\ud835\udc1e\ud835\udc2c\ud835\udc1a\ud835\udc23 \ud835\udc1d\ud835\udc1e \ud835\udc22\ud835\udc2e\ud835\udc1b\ud835\udc22\ud835\udc2b\ud835\udc1e, \ud835\udc25\ud835\udc2e\ud835\udc26\ud835\udc22\ud835\udc27\ud835\udc1a\u0306 \ud835\udc2c\u0326\ud835\udc22 \ud835\udc2b\ud835\udc1e\ud835\udc1c\ud835\udc2e\ud835\udc27\ud835\udc28\ud835\udc2c\u0326\ud835\udc2d\ud835\udc22\ud835\udc27\ud835\udc2d\u0326\ud835\udc1a\u0306 \ud835\udc1a\ud835\udc25\ud835\udc1e\ud835\udc20\ud835\udc22 \ud835\udc2c\ud835\udc1a\u0306 d\u0103ruie\u0219t\ud835\udc22 \ud835\udc1c\ud835\udc1e\ud835\udc25\ud835\udc2e\ud835\udc25\ud835\udc1e\ud835\udc25\ud835\udc28\ud835\udc2b \ud835\udc2d\ud835\udc1a\ud835\udc25\ud835\udc1e \ud835\udc25\ud835\udc1a \ud835\udc2e\ud835\udc2b\ud835\udc26\ud835\udc1a\u0306\ud835\udc2d\ud835\udc28\ud835\udc1a\ud835\udc2b\ud835\udc1e\ud835\udc1a \ud835\udc26\ud835\udc1a\ud835\udc2c\ud835\udc1a\u0306?<\/h4><\/div>\n\n\n\n<p class=\"wp-block-paragraph\"><\/p>","protected":false},"excerpt":{"rendered":"<p>\u00cen cabinetele de nutri\u021bie \u0219i pe etichetele produselor din supermarket, toat\u0103 lumea vorbe\u0219te despre acela\u0219i lucru: valorile nutri\u021bionale. \u00cenv\u0103\u021b\u0103m s\u0103 num\u0103r\u0103m calorii, s\u0103 calcul\u0103m gramele de proteine, s\u0103 ne ferim de gr\u0103simi \u0219i s\u0103 c\u0103ut\u0103m alimente fortificate cu vitamine. Dar atunci oare de ce, uneori, de\u0219i m\u00e2nc\u0103m \u201ela gram\u201d \u0219i respect\u0103m toate regulile nutri\u021bionale, ne&hellip;&nbsp;<a href=\"https:\/\/www.magdaarama.it\/it\/dincolo-de-calorii-importanta-valorilor-nutritionale-vs-energia-vitala-a-alimentelor\/\" rel=\"bookmark\">Leggi tutto &raquo;<span class=\"screen-reader-text\">Dincolo de Calorii: Importan\u021ba Valorilor Nutri\u021bionale vs. Energia Vital\u0103 a Alimentelor<\/span><\/a><\/p>","protected":false},"author":1,"featured_media":1902,"comment_status":"closed","ping_status":"open","sticky":false,"template":"","format":"standard","meta":{"_uag_custom_page_level_css":"","advgb_blocks_editor_width":"","advgb_blocks_columns_visual_guide":"","neve_meta_sidebar":"","neve_meta_container":"","neve_meta_enable_content_width":"","neve_meta_content_width":0,"neve_meta_title_alignment":"","neve_meta_author_avatar":"","neve_post_elements_order":"","neve_meta_disable_header":"","neve_meta_disable_footer":"","neve_meta_disable_title":"","footnotes":""},"categories":[18],"tags":[],"class_list":["post-1900","post","type-post","status-publish","format-standard","has-post-thumbnail","hentry","category-blog"],"yoast_head":"<!-- This site is optimized with the Yoast SEO plugin v28.3 - https:\/\/yoast.com\/product\/yoast-seo-wordpress\/ -->\n<title>Dincolo de Calorii: Importan\u021ba Valorilor Nutri\u021bionale vs. Energia Vital\u0103 a Alimentelor - Magda E. Arama - Naturopat\u0103<\/title>\n<meta name=\"robots\" content=\"index, follow, max-snippet:-1, max-image-preview:large, max-video-preview:-1\" \/>\n<link rel=\"canonical\" href=\"https:\/\/www.magdaarama.it\/it\/dincolo-de-calorii-importanta-valorilor-nutritionale-vs-energia-vitala-a-alimentelor\/\" \/>\n<meta property=\"og:locale\" content=\"it_IT\" \/>\n<meta property=\"og:type\" content=\"article\" \/>\n<meta property=\"og:title\" content=\"Dincolo de Calorii: Importan\u021ba Valorilor Nutri\u021bionale vs. Energia Vital\u0103 a Alimentelor - Magda E. Arama - Naturopat\u0103\" \/>\n<meta property=\"og:description\" content=\"\u00cen cabinetele de nutri\u021bie \u0219i pe etichetele produselor din supermarket, toat\u0103 lumea vorbe\u0219te despre acela\u0219i lucru: valorile nutri\u021bionale. \u00cenv\u0103\u021b\u0103m s\u0103 num\u0103r\u0103m calorii, s\u0103 calcul\u0103m gramele de proteine, s\u0103 ne ferim de gr\u0103simi \u0219i s\u0103 c\u0103ut\u0103m alimente fortificate cu vitamine. Dar atunci oare de ce, uneori, de\u0219i m\u00e2nc\u0103m \u201ela gram\u201d \u0219i respect\u0103m toate regulile nutri\u021bionale, ne&hellip;&nbsp;Leggi tutto &raquo;Dincolo de Calorii: Importan\u021ba Valorilor Nutri\u021bionale vs. Energia Vital\u0103 a Alimentelor\" \/>\n<meta property=\"og:url\" content=\"https:\/\/www.magdaarama.it\/it\/dincolo-de-calorii-importanta-valorilor-nutritionale-vs-energia-vitala-a-alimentelor\/\" \/>\n<meta property=\"og:site_name\" content=\"Magda E. Arama - Naturopat\u0103\" \/>\n<meta property=\"article:publisher\" content=\"https:\/\/www.facebook.com\/MagdaAramaNaturopatia\/\" \/>\n<meta property=\"article:author\" content=\"https:\/\/www.facebook.com\/MagdaAramaNaturopatia\/\" \/>\n<meta property=\"article:published_time\" content=\"2026-06-09T19:18:17+00:00\" \/>\n<meta property=\"article:modified_time\" content=\"2026-06-09T19:18:18+00:00\" \/>\n<meta property=\"og:image\" content=\"https:\/\/www.magdaarama.it\/wp-content\/uploads\/2026\/06\/Valoarea-Energetica-a-Alimentelor2.png\" \/>\n\t<meta property=\"og:image:width\" content=\"1408\" \/>\n\t<meta property=\"og:image:height\" content=\"768\" \/>\n\t<meta property=\"og:image:type\" content=\"image\/png\" \/>\n<meta name=\"author\" content=\"wp_15293167\" \/>\n<meta name=\"twitter:card\" content=\"summary_large_image\" \/>\n<meta name=\"twitter:label1\" content=\"Scritto da\" \/>\n\t<meta name=\"twitter:data1\" content=\"wp_15293167\" \/>\n\t<meta name=\"twitter:label2\" content=\"Tempo di lettura stimato\" \/>\n\t<meta name=\"twitter:data2\" content=\"7 minuti\" \/>\n<script type=\"application\/ld+json\" class=\"yoast-schema-graph\">{\"@context\":\"https:\\\/\\\/schema.org\",\"@graph\":[{\"@type\":\"Article\",\"@id\":\"https:\\\/\\\/www.magdaarama.it\\\/dincolo-de-calorii-importanta-valorilor-nutritionale-vs-energia-vitala-a-alimentelor\\\/#article\",\"isPartOf\":{\"@id\":\"https:\\\/\\\/www.magdaarama.it\\\/dincolo-de-calorii-importanta-valorilor-nutritionale-vs-energia-vitala-a-alimentelor\\\/\"},\"author\":{\"name\":\"wp_15293167\",\"@id\":\"https:\\\/\\\/www.magdaarama.it\\\/#\\\/schema\\\/person\\\/92a8160f1564c0eb2f6af688f3ee5a41\"},\"headline\":\"Dincolo de Calorii: Importan\u021ba Valorilor Nutri\u021bionale vs. Energia Vital\u0103 a Alimentelor\",\"datePublished\":\"2026-06-09T19:18:17+00:00\",\"dateModified\":\"2026-06-09T19:18:18+00:00\",\"mainEntityOfPage\":{\"@id\":\"https:\\\/\\\/www.magdaarama.it\\\/dincolo-de-calorii-importanta-valorilor-nutritionale-vs-energia-vitala-a-alimentelor\\\/\"},\"wordCount\":1277,\"publisher\":{\"@id\":\"https:\\\/\\\/www.magdaarama.it\\\/#\\\/schema\\\/person\\\/92a8160f1564c0eb2f6af688f3ee5a41\"},\"image\":{\"@id\":\"https:\\\/\\\/www.magdaarama.it\\\/dincolo-de-calorii-importanta-valorilor-nutritionale-vs-energia-vitala-a-alimentelor\\\/#primaryimage\"},\"thumbnailUrl\":\"https:\\\/\\\/www.magdaarama.it\\\/wp-content\\\/uploads\\\/2026\\\/06\\\/Valoarea-Energetica-a-Alimentelor2.png\",\"articleSection\":[\"blog\"],\"inLanguage\":\"it-IT\"},{\"@type\":\"WebPage\",\"@id\":\"https:\\\/\\\/www.magdaarama.it\\\/dincolo-de-calorii-importanta-valorilor-nutritionale-vs-energia-vitala-a-alimentelor\\\/\",\"url\":\"https:\\\/\\\/www.magdaarama.it\\\/dincolo-de-calorii-importanta-valorilor-nutritionale-vs-energia-vitala-a-alimentelor\\\/\",\"name\":\"Dincolo de Calorii: Importan\u021ba Valorilor Nutri\u021bionale vs. Energia Vital\u0103 a Alimentelor - Magda E. Arama - Naturopat\u0103\",\"isPartOf\":{\"@id\":\"https:\\\/\\\/www.magdaarama.it\\\/#website\"},\"primaryImageOfPage\":{\"@id\":\"https:\\\/\\\/www.magdaarama.it\\\/dincolo-de-calorii-importanta-valorilor-nutritionale-vs-energia-vitala-a-alimentelor\\\/#primaryimage\"},\"image\":{\"@id\":\"https:\\\/\\\/www.magdaarama.it\\\/dincolo-de-calorii-importanta-valorilor-nutritionale-vs-energia-vitala-a-alimentelor\\\/#primaryimage\"},\"thumbnailUrl\":\"https:\\\/\\\/www.magdaarama.it\\\/wp-content\\\/uploads\\\/2026\\\/06\\\/Valoarea-Energetica-a-Alimentelor2.png\",\"datePublished\":\"2026-06-09T19:18:17+00:00\",\"dateModified\":\"2026-06-09T19:18:18+00:00\",\"breadcrumb\":{\"@id\":\"https:\\\/\\\/www.magdaarama.it\\\/dincolo-de-calorii-importanta-valorilor-nutritionale-vs-energia-vitala-a-alimentelor\\\/#breadcrumb\"},\"inLanguage\":\"it-IT\",\"potentialAction\":[{\"@type\":\"ReadAction\",\"target\":[\"https:\\\/\\\/www.magdaarama.it\\\/dincolo-de-calorii-importanta-valorilor-nutritionale-vs-energia-vitala-a-alimentelor\\\/\"]}]},{\"@type\":\"ImageObject\",\"inLanguage\":\"it-IT\",\"@id\":\"https:\\\/\\\/www.magdaarama.it\\\/dincolo-de-calorii-importanta-valorilor-nutritionale-vs-energia-vitala-a-alimentelor\\\/#primaryimage\",\"url\":\"https:\\\/\\\/www.magdaarama.it\\\/wp-content\\\/uploads\\\/2026\\\/06\\\/Valoarea-Energetica-a-Alimentelor2.png\",\"contentUrl\":\"https:\\\/\\\/www.magdaarama.it\\\/wp-content\\\/uploads\\\/2026\\\/06\\\/Valoarea-Energetica-a-Alimentelor2.png\",\"width\":1408,\"height\":768},{\"@type\":\"BreadcrumbList\",\"@id\":\"https:\\\/\\\/www.magdaarama.it\\\/dincolo-de-calorii-importanta-valorilor-nutritionale-vs-energia-vitala-a-alimentelor\\\/#breadcrumb\",\"itemListElement\":[{\"@type\":\"ListItem\",\"position\":1,\"name\":\"Home\",\"item\":\"https:\\\/\\\/www.magdaarama.it\\\/\"},{\"@type\":\"ListItem\",\"position\":2,\"name\":\"Dincolo de Calorii: Importan\u021ba Valorilor Nutri\u021bionale vs. Energia Vital\u0103 a Alimentelor\"}]},{\"@type\":\"WebSite\",\"@id\":\"https:\\\/\\\/www.magdaarama.it\\\/#website\",\"url\":\"https:\\\/\\\/www.magdaarama.it\\\/\",\"name\":\"Magda E. Arama - Naturopat\u0103\",\"description\":\"\",\"publisher\":{\"@id\":\"https:\\\/\\\/www.magdaarama.it\\\/#\\\/schema\\\/person\\\/92a8160f1564c0eb2f6af688f3ee5a41\"},\"potentialAction\":[{\"@type\":\"SearchAction\",\"target\":{\"@type\":\"EntryPoint\",\"urlTemplate\":\"https:\\\/\\\/www.magdaarama.it\\\/?s={search_term_string}\"},\"query-input\":{\"@type\":\"PropertyValueSpecification\",\"valueRequired\":true,\"valueName\":\"search_term_string\"}}],\"inLanguage\":\"it-IT\"},{\"@type\":[\"Person\",\"Organization\"],\"@id\":\"https:\\\/\\\/www.magdaarama.it\\\/#\\\/schema\\\/person\\\/92a8160f1564c0eb2f6af688f3ee5a41\",\"name\":\"wp_15293167\",\"image\":{\"@type\":\"ImageObject\",\"inLanguage\":\"it-IT\",\"@id\":\"https:\\\/\\\/www.magdaarama.it\\\/wp-content\\\/uploads\\\/2022\\\/11\\\/magda_arama_2021.png\",\"url\":\"https:\\\/\\\/www.magdaarama.it\\\/wp-content\\\/uploads\\\/2022\\\/11\\\/magda_arama_2021.png\",\"contentUrl\":\"https:\\\/\\\/www.magdaarama.it\\\/wp-content\\\/uploads\\\/2022\\\/11\\\/magda_arama_2021.png\",\"width\":928,\"height\":929,\"caption\":\"wp_15293167\"},\"logo\":{\"@id\":\"https:\\\/\\\/www.magdaarama.it\\\/wp-content\\\/uploads\\\/2022\\\/11\\\/magda_arama_2021.png\"},\"sameAs\":[\"https:\\\/\\\/www.magdaarama.it\",\"https:\\\/\\\/www.facebook.com\\\/MagdaAramaNaturopatia\\\/\",\"https:\\\/\\\/www.instagram.com\\\/magda_arama\",\"https:\\\/\\\/www.youtube.com\\\/@MagdaArama\"],\"url\":\"https:\\\/\\\/www.magdaarama.it\\\/it\\\/author\\\/wp_15293167\\\/\"}]}<\/script>\n<!-- \/ Yoast SEO plugin. -->","yoast_head_json":{"title":"Dincolo de Calorii: Importan\u021ba Valorilor Nutri\u021bionale vs. Energia Vital\u0103 a Alimentelor - Magda E. Arama - Naturopat\u0103","robots":{"index":"index","follow":"follow","max-snippet":"max-snippet:-1","max-image-preview":"max-image-preview:large","max-video-preview":"max-video-preview:-1"},"canonical":"https:\/\/www.magdaarama.it\/it\/dincolo-de-calorii-importanta-valorilor-nutritionale-vs-energia-vitala-a-alimentelor\/","og_locale":"it_IT","og_type":"article","og_title":"Dincolo de Calorii: Importan\u021ba Valorilor Nutri\u021bionale vs. Energia Vital\u0103 a Alimentelor - Magda E. Arama - Naturopat\u0103","og_description":"\u00cen cabinetele de nutri\u021bie \u0219i pe etichetele produselor din supermarket, toat\u0103 lumea vorbe\u0219te despre acela\u0219i lucru: valorile nutri\u021bionale. \u00cenv\u0103\u021b\u0103m s\u0103 num\u0103r\u0103m calorii, s\u0103 calcul\u0103m gramele de proteine, s\u0103 ne ferim de gr\u0103simi \u0219i s\u0103 c\u0103ut\u0103m alimente fortificate cu vitamine. Dar atunci oare de ce, uneori, de\u0219i m\u00e2nc\u0103m \u201ela gram\u201d \u0219i respect\u0103m toate regulile nutri\u021bionale, ne&hellip;&nbsp;Leggi tutto &raquo;Dincolo de Calorii: Importan\u021ba Valorilor Nutri\u021bionale vs. Energia Vital\u0103 a Alimentelor","og_url":"https:\/\/www.magdaarama.it\/it\/dincolo-de-calorii-importanta-valorilor-nutritionale-vs-energia-vitala-a-alimentelor\/","og_site_name":"Magda E. Arama - Naturopat\u0103","article_publisher":"https:\/\/www.facebook.com\/MagdaAramaNaturopatia\/","article_author":"https:\/\/www.facebook.com\/MagdaAramaNaturopatia\/","article_published_time":"2026-06-09T19:18:17+00:00","article_modified_time":"2026-06-09T19:18:18+00:00","og_image":[{"width":1408,"height":768,"url":"https:\/\/www.magdaarama.it\/wp-content\/uploads\/2026\/06\/Valoarea-Energetica-a-Alimentelor2.png","type":"image\/png"}],"author":"wp_15293167","twitter_card":"summary_large_image","twitter_misc":{"Scritto da":"wp_15293167","Tempo di lettura stimato":"7 minuti"},"schema":{"@context":"https:\/\/schema.org","@graph":[{"@type":"Article","@id":"https:\/\/www.magdaarama.it\/dincolo-de-calorii-importanta-valorilor-nutritionale-vs-energia-vitala-a-alimentelor\/#article","isPartOf":{"@id":"https:\/\/www.magdaarama.it\/dincolo-de-calorii-importanta-valorilor-nutritionale-vs-energia-vitala-a-alimentelor\/"},"author":{"name":"wp_15293167","@id":"https:\/\/www.magdaarama.it\/#\/schema\/person\/92a8160f1564c0eb2f6af688f3ee5a41"},"headline":"Dincolo de Calorii: Importan\u021ba Valorilor Nutri\u021bionale vs. Energia Vital\u0103 a Alimentelor","datePublished":"2026-06-09T19:18:17+00:00","dateModified":"2026-06-09T19:18:18+00:00","mainEntityOfPage":{"@id":"https:\/\/www.magdaarama.it\/dincolo-de-calorii-importanta-valorilor-nutritionale-vs-energia-vitala-a-alimentelor\/"},"wordCount":1277,"publisher":{"@id":"https:\/\/www.magdaarama.it\/#\/schema\/person\/92a8160f1564c0eb2f6af688f3ee5a41"},"image":{"@id":"https:\/\/www.magdaarama.it\/dincolo-de-calorii-importanta-valorilor-nutritionale-vs-energia-vitala-a-alimentelor\/#primaryimage"},"thumbnailUrl":"https:\/\/www.magdaarama.it\/wp-content\/uploads\/2026\/06\/Valoarea-Energetica-a-Alimentelor2.png","articleSection":["blog"],"inLanguage":"it-IT"},{"@type":"WebPage","@id":"https:\/\/www.magdaarama.it\/dincolo-de-calorii-importanta-valorilor-nutritionale-vs-energia-vitala-a-alimentelor\/","url":"https:\/\/www.magdaarama.it\/dincolo-de-calorii-importanta-valorilor-nutritionale-vs-energia-vitala-a-alimentelor\/","name":"Dincolo de Calorii: Importan\u021ba Valorilor Nutri\u021bionale vs. Energia Vital\u0103 a Alimentelor - Magda E. Arama - Naturopat\u0103","isPartOf":{"@id":"https:\/\/www.magdaarama.it\/#website"},"primaryImageOfPage":{"@id":"https:\/\/www.magdaarama.it\/dincolo-de-calorii-importanta-valorilor-nutritionale-vs-energia-vitala-a-alimentelor\/#primaryimage"},"image":{"@id":"https:\/\/www.magdaarama.it\/dincolo-de-calorii-importanta-valorilor-nutritionale-vs-energia-vitala-a-alimentelor\/#primaryimage"},"thumbnailUrl":"https:\/\/www.magdaarama.it\/wp-content\/uploads\/2026\/06\/Valoarea-Energetica-a-Alimentelor2.png","datePublished":"2026-06-09T19:18:17+00:00","dateModified":"2026-06-09T19:18:18+00:00","breadcrumb":{"@id":"https:\/\/www.magdaarama.it\/dincolo-de-calorii-importanta-valorilor-nutritionale-vs-energia-vitala-a-alimentelor\/#breadcrumb"},"inLanguage":"it-IT","potentialAction":[{"@type":"ReadAction","target":["https:\/\/www.magdaarama.it\/dincolo-de-calorii-importanta-valorilor-nutritionale-vs-energia-vitala-a-alimentelor\/"]}]},{"@type":"ImageObject","inLanguage":"it-IT","@id":"https:\/\/www.magdaarama.it\/dincolo-de-calorii-importanta-valorilor-nutritionale-vs-energia-vitala-a-alimentelor\/#primaryimage","url":"https:\/\/www.magdaarama.it\/wp-content\/uploads\/2026\/06\/Valoarea-Energetica-a-Alimentelor2.png","contentUrl":"https:\/\/www.magdaarama.it\/wp-content\/uploads\/2026\/06\/Valoarea-Energetica-a-Alimentelor2.png","width":1408,"height":768},{"@type":"BreadcrumbList","@id":"https:\/\/www.magdaarama.it\/dincolo-de-calorii-importanta-valorilor-nutritionale-vs-energia-vitala-a-alimentelor\/#breadcrumb","itemListElement":[{"@type":"ListItem","position":1,"name":"Home","item":"https:\/\/www.magdaarama.it\/"},{"@type":"ListItem","position":2,"name":"Dincolo de Calorii: Importan\u021ba Valorilor Nutri\u021bionale vs. Energia Vital\u0103 a Alimentelor"}]},{"@type":"WebSite","@id":"https:\/\/www.magdaarama.it\/#website","url":"https:\/\/www.magdaarama.it\/","name":"Magda E. Arama - Naturopata","description":"","publisher":{"@id":"https:\/\/www.magdaarama.it\/#\/schema\/person\/92a8160f1564c0eb2f6af688f3ee5a41"},"potentialAction":[{"@type":"SearchAction","target":{"@type":"EntryPoint","urlTemplate":"https:\/\/www.magdaarama.it\/?s={search_term_string}"},"query-input":{"@type":"PropertyValueSpecification","valueRequired":true,"valueName":"search_term_string"}}],"inLanguage":"it-IT"},{"@type":["Person","Organization"],"@id":"https:\/\/www.magdaarama.it\/#\/schema\/person\/92a8160f1564c0eb2f6af688f3ee5a41","name":"wp_15293167","image":{"@type":"ImageObject","inLanguage":"it-IT","@id":"https:\/\/www.magdaarama.it\/wp-content\/uploads\/2022\/11\/magda_arama_2021.png","url":"https:\/\/www.magdaarama.it\/wp-content\/uploads\/2022\/11\/magda_arama_2021.png","contentUrl":"https:\/\/www.magdaarama.it\/wp-content\/uploads\/2022\/11\/magda_arama_2021.png","width":928,"height":929,"caption":"wp_15293167"},"logo":{"@id":"https:\/\/www.magdaarama.it\/wp-content\/uploads\/2022\/11\/magda_arama_2021.png"},"sameAs":["https:\/\/www.magdaarama.it","https:\/\/www.facebook.com\/MagdaAramaNaturopatia\/","https:\/\/www.instagram.com\/magda_arama","https:\/\/www.youtube.com\/@MagdaArama"],"url":"https:\/\/www.magdaarama.it\/it\/author\/wp_15293167\/"}]}},"author_meta":{"display_name":"wp_15293167","author_link":"https:\/\/www.magdaarama.it\/it\/author\/wp_15293167\/"},"featured_img":"https:\/\/www.magdaarama.it\/wp-content\/uploads\/2026\/06\/Valoarea-Energetica-a-Alimentelor2-300x164.png","uagb_featured_image_src":{"full":["https:\/\/www.magdaarama.it\/wp-content\/uploads\/2026\/06\/Valoarea-Energetica-a-Alimentelor2.png",1408,768,false],"thumbnail":["https:\/\/www.magdaarama.it\/wp-content\/uploads\/2026\/06\/Valoarea-Energetica-a-Alimentelor2-150x150.png",150,150,true],"medium":["https:\/\/www.magdaarama.it\/wp-content\/uploads\/2026\/06\/Valoarea-Energetica-a-Alimentelor2-300x164.png",300,164,true],"medium_large":["https:\/\/www.magdaarama.it\/wp-content\/uploads\/2026\/06\/Valoarea-Energetica-a-Alimentelor2-768x419.png",768,419,true],"large":["https:\/\/www.magdaarama.it\/wp-content\/uploads\/2026\/06\/Valoarea-Energetica-a-Alimentelor2-1024x559.png",1024,559,true],"1536x1536":["https:\/\/www.magdaarama.it\/wp-content\/uploads\/2026\/06\/Valoarea-Energetica-a-Alimentelor2.png",1408,768,false],"2048x2048":["https:\/\/www.magdaarama.it\/wp-content\/uploads\/2026\/06\/Valoarea-Energetica-a-Alimentelor2.png",1408,768,false],"trp-custom-language-flag":["https:\/\/www.magdaarama.it\/wp-content\/uploads\/2026\/06\/Valoarea-Energetica-a-Alimentelor2-18x10.png",18,10,true],"neve-blog":["https:\/\/www.magdaarama.it\/wp-content\/uploads\/2026\/06\/Valoarea-Energetica-a-Alimentelor2-930x620.png",930,620,true]},"uagb_author_info":{"display_name":"wp_15293167","author_link":"https:\/\/www.magdaarama.it\/it\/author\/wp_15293167\/"},"uagb_comment_info":0,"uagb_excerpt":"\u00cen cabinetele de nutri\u021bie \u0219i pe etichetele produselor din supermarket, toat\u0103 lumea vorbe\u0219te despre acela\u0219i lucru: valorile nutri\u021bionale. \u00cenv\u0103\u021b\u0103m s\u0103 num\u0103r\u0103m calorii, s\u0103 calcul\u0103m gramele de proteine, s\u0103 ne ferim de gr\u0103simi \u0219i s\u0103 c\u0103ut\u0103m alimente fortificate cu vitamine. Dar atunci oare de ce, uneori, de\u0219i m\u00e2nc\u0103m \u201ela gram\u201d \u0219i respect\u0103m toate regulile nutri\u021bionale, ne&hellip;&nbsp;Leggi&hellip;","coauthors":[],"tax_additional":{"categories":{"linked":["<a href=\"https:\/\/www.magdaarama.it\/it\/category\/blog\/\" class=\"advgb-post-tax-term\">blog<\/a>"],"unlinked":["<span class=\"advgb-post-tax-term\">blog<\/span>"]}},"comment_count":"0","relative_dates":{"created":"Pubblicato 3 mesi fa","modified":"Aggiornato 3 mesi fa"},"absolute_dates":{"created":"Pubblicato il 9 Giugno 2026","modified":"Aggiornato il 9 Giugno 2026"},"absolute_dates_time":{"created":"Pubblicato il 9 Giugno 2026 19:18","modified":"Aggiornato il 9 Giugno 2026 19:18"},"featured_img_caption":"","series_order":"","_links":{"self":[{"href":"https:\/\/www.magdaarama.it\/it\/wp-json\/wp\/v2\/posts\/1900","targetHints":{"allow":["GET"]}}],"collection":[{"href":"https:\/\/www.magdaarama.it\/it\/wp-json\/wp\/v2\/posts"}],"about":[{"href":"https:\/\/www.magdaarama.it\/it\/wp-json\/wp\/v2\/types\/post"}],"author":[{"embeddable":true,"href":"https:\/\/www.magdaarama.it\/it\/wp-json\/wp\/v2\/users\/1"}],"replies":[{"embeddable":true,"href":"https:\/\/www.magdaarama.it\/it\/wp-json\/wp\/v2\/comments?post=1900"}],"version-history":[{"count":1,"href":"https:\/\/www.magdaarama.it\/it\/wp-json\/wp\/v2\/posts\/1900\/revisions"}],"predecessor-version":[{"id":1905,"href":"https:\/\/www.magdaarama.it\/it\/wp-json\/wp\/v2\/posts\/1900\/revisions\/1905"}],"wp:featuredmedia":[{"embeddable":true,"href":"https:\/\/www.magdaarama.it\/it\/wp-json\/wp\/v2\/media\/1902"}],"wp:attachment":[{"href":"https:\/\/www.magdaarama.it\/it\/wp-json\/wp\/v2\/media?parent=1900"}],"wp:term":[{"taxonomy":"category","embeddable":true,"href":"https:\/\/www.magdaarama.it\/it\/wp-json\/wp\/v2\/categories?post=1900"},{"taxonomy":"post_tag","embeddable":true,"href":"https:\/\/www.magdaarama.it\/it\/wp-json\/wp\/v2\/tags?post=1900"}],"curies":[{"name":"wp","href":"https:\/\/api.w.org\/{rel}","templated":true}]}}