{"id":1877,"date":"2026-05-03T19:30:17","date_gmt":"2026-05-03T19:30:17","guid":{"rendered":"https:\/\/www.magdaarama.it\/?p=1877"},"modified":"2026-05-04T19:35:50","modified_gmt":"2026-05-04T19:35:50","slug":"reda-vitalitate-si-tonus-organelor-interne","status":"publish","type":"post","link":"https:\/\/www.magdaarama.it\/it\/reda-vitalitate-si-tonus-organelor-interne\/","title":{"rendered":"Red\u0103 vitalitate \u0219i tonus organelor interne"},"content":{"rendered":"\n<p class=\"wp-block-paragraph\">Red\u0103 vitalitate \u0219i tonus organelor interne din zona abdomenului inferior cu ajutorul <a href=\"https:\/\/www.magdaarama.it\/ce-este-ondamed\/\">\ud835\udc1b\ud835\udc22\ud835\udc28\ud835\udc2b\ud835\udc1e\ud835\udc33\ud835\udc28\ud835\udc27\ud835\udc1a\ud835\udc27\ud835\udc2d\u0326\ud835\udc1e\ud835\udc22 \ud835\udc1c\ud835\udc2e \ud835\udc1b\ud835\udc22\ud835\udc28\ud835\udc1f\ud835\udc1e\ud835\udc1e\ud835\udc1d\ud835\udc1b\ud835\udc1a\ud835\udc1c\ud835\udc24 \ud835\udc0e\ud835\udc0d\ud835\udc03\ud835\udc00\ud835\udc0c\ud835\udc04\ud835\udc03\u00ae!<\/a><\/p>\n\n\n\n<p class=\"wp-block-paragraph\">Foarte mul\u021bi oameni (mai predispuse fiind femeile) sufer\u0103 \u00een t\u0103cere de deregl\u0103ri inconfortabile \u00een zona abdomenului inferior: incontinen\u021b\u0103 urinar\u0103, prolaps vaginal sau anal, inflama\u021bii hemoroidale externe sau interne, inflama\u021bii de prostat\u0103 etc. Aceste disfunc\u021bii sunt adesea ignorate din cauza jenei sau a ideii mo\u0219tenite c\u0103, dup\u0103 o anumit\u0103 v\u00e2rst\u0103, aceste afec\u021biuni ar fi &#8222;normale&#8221;. \u00cens\u0103, neluate \u00een seam\u0103, ele pot avansa \u0219i afecta grav starea de bine a \u00eentregului corp, cu efecte nedorite \u00een toate aspectele vie\u021bii, inclusiv \u00een cea de cuplu.<\/p>\n\n\n\n<div class=\"wp-block-uagb-advanced-heading uagb-block-2f108399\"><h4 class=\"uagb-heading-text\">\ud835\udc0f\ud835\udc2b\ud835\udc1e\ud835\udc2f\ud835\udc1e\ud835\udc27\ud835\udc2d\u0326\ud835\udc22\ud835\udc1a \ud835\udc1e\ud835\udc2c\ud835\udc2d\ud835\udc1e \ud835\udc1c\ud835\udc21\ud835\udc1e\ud835\udc22\ud835\udc1a, \ud835\udc22\ud835\udc1a\ud835\udc2b \ud835\udc2d\ud835\udc28\ud835\udc27\ud835\udc22\ud835\udc1f\ud835\udc22\ud835\udc1e\ud835\udc2b\ud835\udc1e\ud835\udc1a \ud835\udc29\ud835\udc2b\ud835\udc28\ud835\udc1f\ud835\udc2e\ud835\udc27\ud835\udc1d\ud835\udc1a\u0306 \ud835\udc1a \ud835\udc29\ud835\udc25\ud835\udc1a\ud835\udc27\ud835\udc2c\u0326\ud835\udc1e\ud835\udc2e\ud835\udc25\ud835\udc2e\ud835\udc22 \ud835\udc29\ud835\udc1e\ud835\udc25\ud835\udc2f\ud835\udc22\ud835\udc1a\ud835\udc27 \ud835\udc1e\ud835\udc2c\ud835\udc2d\ud835\udc1e \ud835\udc1e\ud835\udc2c\ud835\udc1e\ud835\udc27\ud835\udc2d\u0326\ud835\udc22\ud835\udc1a\ud835\udc25\ud835\udc1a\u0306.<\/h4><\/div>\n\n\n\n<p class=\"wp-block-paragraph\">Magda Arama Naturopatia abordeaz\u0103 aceste probleme cu dispozitivul de biorezonan\u021b\u0103 cu biofeedback non-invaziv ONDAMED\u00ae, utiliz\u00e2nd frecven\u021be electromagnetice fiziologice.<\/p>\n\n\n\n<p class=\"wp-block-paragraph\">Este un loc unde to\u021bi se pot sim\u021bi relaxa\u021bi, pot vorbi \u00een confiden\u021bialitate despre probleme \u0219i afec\u021biuni. Un loc unde s\u0103n\u0103tatea \u0219i bun\u0103starea lor sunt cele mai importante.<\/p>\n\n\n\n<div class=\"wp-block-uagb-advanced-heading uagb-block-5e6ee48b\"><h5 class=\"uagb-heading-text\">\ud835\udc02\ud835\udc1e \ud835\udc1b\ud835\udc1e\ud835\udc27\ud835\udc1e\ud835\udc1f\ud835\udc22\ud835\udc1c\ud835\udc22\ud835\udc22 \ud835\udc28\ud835\udc1f\ud835\udc1e\ud835\udc2b\ud835\udc1a\u0306 \ud835\udc2d\ud835\udc1e\ud835\udc21\ud835\udc27\ud835\udc28\ud835\udc25\ud835\udc28\ud835\udc20\ud835\udc22\ud835\udc1a \ud835\udc0e\ud835\udc0d\ud835\udc03\ud835\udc00\ud835\udc0c\ud835\udc04\ud835\udc03\u00ae?<\/h5><\/div>\n\n\n\n<p class=\"wp-block-paragraph\">&#8211; Stimuleaz\u0103 regenerarea tisular\u0103, prin stimularea produc\u021biei de colagen \u0219i elastin\u0103.<\/p>\n\n\n\n<p class=\"wp-block-paragraph\">&#8211; \u00cembun\u0103t\u0103\u021be\u0219te microcircula\u021bia, oxigen\u00e2nd \u0219i hr\u0103nind musculatura \u0219i ligamentele.<\/p>\n\n\n\n<p class=\"wp-block-paragraph\">&#8211; Echilibreaz\u0103 sistemul nervos, reduc\u00e2nd tensiunea cronic\u0103 din zona abdominal\u0103 inferioar\u0103.<\/p>\n\n\n\n<p class=\"wp-block-paragraph\">&#8211; Ajut\u0103 la eliminarea toxicit\u0103\u021bii din corp \u0219i mai ales din acea zon\u0103.<\/p>\n\n\n\n<p class=\"wp-block-paragraph\">&#8211; Contribuie la regenerarea \u0219i revigorarea sistemului nervos central.<\/p>\n\n\n\n<p class=\"wp-block-paragraph\">\u00cen timpul unei sesiuni, clientul st\u0103 confortabil, complet \u00eembr\u0103cat, pe un scaun sau pe o mas\u0103 de masaj. Se poate experimenta o u\u0219oar\u0103 senza\u021bie de furnic\u0103turi, o senza\u021bie de c\u0103ldur\u0103 sau absolut nimic. Un tratament tipic dureaz\u0103 30-45 de minute. Clien\u021bii raporteaz\u0103 \u00een mod constant c\u0103 p\u0103r\u0103sesc o sesiune sim\u021bind mai pu\u021bin\u0103 durere, fiind mai relaxa\u021bi \u0219i mai odihni\u021bi, capabili s\u0103 g\u00e2ndeasc\u0103 mai clar \u0219i mai bine preg\u0103ti\u021bi pentru provoc\u0103rile vie\u021bii. Cu ajutorul dispozitivului de biorezonan\u021b\u0103 cu biofeedback non-invaziv ONDAMED\u00ae, abord\u0103m aceste probleme la nivel celular, personaliz\u00e2nd frecven\u021bele \u00een func\u021bie de r\u0103spunsul corpului t\u0103u.<\/p>\n\n\n\n<div class=\"wp-block-uagb-advanced-heading uagb-block-3ff16cd6\"><h4 class=\"uagb-heading-text\">\ud835\udc0d\ud835\udc2e \ud835\udc1a\ud835\udc2c\u0326\ud835\udc2d\ud835\udc1e\ud835\udc29\ud835\udc2d\ud835\udc1a \ud835\udc1c\ud835\udc1a \ud835\udc2c\ud835\udc22\ud835\udc26\ud835\udc29\ud835\udc2d\ud835\udc28\ud835\udc26\ud835\udc1e\ud835\udc25\ud835\udc1e \ud835\udc2c\ud835\udc1a\u0306 \ud835\udc2c\ud835\udc1e \ud835\udc1a\ud835\udc20\ud835\udc2b\ud835\udc1a\ud835\udc2f\ud835\udc1e\ud835\udc33\ud835\udc1e! \ud835\udc11\ud835\udc1e\ud835\udc1d\ud835\udc1a\u0306-\ud835\udc22 \ud835\udc1c\ud835\udc28\ud835\udc2b\ud835\udc29\ud835\udc2e\ud835\udc25\ud835\udc2e\ud835\udc22 \ud835\udc2d\ud835\udc1a\u0306\ud835\udc2e \ud835\udc2f\ud835\udc22\ud835\udc2d\ud835\udc1a\ud835\udc25\ud835\udc22\ud835\udc2d\ud835\udc1a\ud835\udc2d\ud835\udc1e\ud835\udc1a \ud835\udc29\ud835\udc1e \ud835\udc1c\ud835\udc1a\ud835\udc2b\ud835\udc1e \ud835\udc28 \ud835\udc26\ud835\udc1e\ud835\udc2b\ud835\udc22\ud835\udc2d\ud835\udc1a\u0306.<\/h4><\/div>\n\n\n\n<p class=\"wp-block-paragraph\"><\/p>\n\n\n\n<div class=\"wp-block-uagb-advanced-heading uagb-block-0a3cbd9c\"><h4 class=\"uagb-heading-text\">Programeaz\u0103 o \u0219edin\u021b\u0103 pentru a discuta despre o abordare personalizat\u0103!<\/h4><\/div>\n\n\n\n<p class=\"wp-block-paragraph\"><\/p>\n\n\n\n<div class=\"wp-block-uagb-advanced-heading uagb-block-07afbccb\"><h4 class=\"uagb-heading-text\">\ud835\udc03\ud835\udc1e\ud835\udc2c\ud835\udc29\ud835\udc2b\ud835\udc1e \ud835\udc0e\ud835\udc0d\ud835\udc03\ud835\udc00\ud835\udc0c\ud835\udc04\ud835\udc03<\/h4><\/div>\n\n\n\n<p class=\"wp-block-paragraph\">Terapia ONDAMED este o abordare non-invaziv\u0103 care combin\u0103 stimularea prin c\u00e2mpuri electromagnetice pulsate (PEMF) \u0219i biofeedback-ul pentru a stimula vindecarea celular\u0103 \u0219i a reduce stresul. Utilizat \u00een principal pentru durerea cronic\u0103, gestionarea stresului \u0219i echilibrul sistemului imunitar, dispozitivul personalizeaz\u0103 frecven\u021bele \u00een func\u021bie de r\u0103spunsul pulsului pacientului. [1, 2, 3, 4]<\/p>\n\n\n\n<div class=\"wp-block-uagb-advanced-heading uagb-block-01c2ab04\"><h4 class=\"uagb-heading-text\">\ud835\udc0f\ud835\udc2e\ud835\udc27\ud835\udc1c\ud835\udc2d\ud835\udc1e \ud835\udc02\ud835\udc21\ud835\udc1e\ud835\udc22\ud835\udc1e \ud835\udc1a\ud835\udc25\ud835\udc1e \ud835\udc13\ud835\udc1e\ud835\udc2b\ud835\udc1a\ud835\udc29\ud835\udc22\ud835\udc1e\ud835\udc22 \ud835\udc0e\ud835\udc0d\ud835\udc03\ud835\udc00\ud835\udc0c\ud835\udc04\ud835\udc03:<\/h4><\/div>\n\n\n\n<p class=\"wp-block-paragraph\">\ud835\udc0c\ud835\udc1e\ud835\udc1c\ud835\udc1a\ud835\udc27\ud835\udc22\ud835\udc2c\ud835\udc26: Utilizeaz\u0103 impulsuri electromagnetice \u021bintite pentru a &#8222;reactiva&#8221; activit\u0103\u021bile celulare \u0219i a \u00eembun\u0103t\u0103\u021bi comunicarea dintre celule.<\/p>\n\n\n\n<p class=\"wp-block-paragraph\">\ud835\udc01\ud835\udc22\ud835\udc28\ud835\udc1f\ud835\udc1e\ud835\udc1e\ud835\udc1d\ud835\udc1b\ud835\udc1a\ud835\udc1c\ud835\udc24: Terapeutul monitorizeaz\u0103 pulsul pacientului (semnal vascular) pentru a identifica zonele de stres \u0219i pentru a determina cele mai eficiente frecven\u021be.<\/p>\n\n\n\n<p class=\"wp-block-paragraph\">\ud835\udc01\ud835\udc1e\ud835\udc27\ud835\udc1e\ud835\udc1f\ud835\udc22\ud835\udc1c\ud835\udc22\ud835\udc22 :Poten\u021biale: Ajut\u0103 la gestionarea durerii cronice (musculare, articulare), a inflama\u021biilor, alergiilor, oboselii \u0219i insomniei.<\/p>\n\n\n\n<p class=\"wp-block-paragraph\">\ud835\udc12\ud835\udc22\ud835\udc20\ud835\udc2e\ud835\udc2b\ud835\udc1a\ud835\udc27\ud835\udc2d\u0326\ud835\udc1a\u0306: Este o procedur\u0103 nedureroas\u0103, non-invaziv\u0103 \u0219i f\u0103r\u0103 efecte secundare cunoscute.<\/p>\n\n\n\n<p class=\"wp-block-paragraph\">\ud835\udc0f\ud835\udc1e\ud835\udc2b\ud835\udc2c\ud835\udc28\ud835\udc27\ud835\udc1a\ud835\udc25\ud835\udc22\ud835\udc33\ud835\udc1a\ud835\udc2b\ud835\udc1e: Fiecare \u0219edin\u021b\u0103 este unic\u0103 \u0219i adaptat\u0103 nevoilor specifice ale clientului din acel moment.<\/p>\n\n\n\n<p class=\"wp-block-paragraph\">Dispozitivul este \u00eenregistrat \u0219i utilizat ca instrument de suport \u00een domeniul medicinei integrate \u0219i func\u021bionale.<\/p>\n\n\n\n<figure class=\"wp-block-pullquote\"><blockquote><p><em>Armonia interioar\u0103 genereaz\u0103 armonia exterioar\u0103.<\/em><br><a href=\"https:\/\/www.facebook.com\/MagdaAramaNaturopatia?__cft__[0]=AZYVkwMp_voSIzsc_Z0d3AxDHSGGB1lxKt53S8UFIr1hRDdhNsq5GCdzeN8RbULvTEZwKaiuXcnmcJcvu_mN15xA2SQvSpStvQ61YsDEGwVA6EwLJBPBaoxwcoeVCfTnbaxq85fIbkPDV2_Ukr1w5PECJVtyKotVGlwQxM1LIgA09NW5wEjRzgkeCU8p_INkLOI&amp;__tn__=-]K-R\">Magda Arama Naturopatia<\/a><\/p><\/blockquote><\/figure>\n\n\n\n<p class=\"wp-block-paragraph\"><\/p>\n","protected":false},"excerpt":{"rendered":"<p>Red\u0103 vitalitate \u0219i tonus organelor interne din zona abdomenului inferior cu ajutorul \ud835\udc1b\ud835\udc22\ud835\udc28\ud835\udc2b\ud835\udc1e\ud835\udc33\ud835\udc28\ud835\udc27\ud835\udc1a\ud835\udc27\ud835\udc2d\u0326\ud835\udc1e\ud835\udc22 \ud835\udc1c\ud835\udc2e \ud835\udc1b\ud835\udc22\ud835\udc28\ud835\udc1f\ud835\udc1e\ud835\udc1e\ud835\udc1d\ud835\udc1b\ud835\udc1a\ud835\udc1c\ud835\udc24 \ud835\udc0e\ud835\udc0d\ud835\udc03\ud835\udc00\ud835\udc0c\ud835\udc04\ud835\udc03\u00ae! Foarte mul\u021bi oameni (mai predispuse fiind femeile) sufer\u0103 \u00een t\u0103cere de deregl\u0103ri inconfortabile \u00een zona abdomenului inferior: incontinen\u021b\u0103 urinar\u0103, prolaps vaginal sau anal, inflama\u021bii hemoroidale externe sau interne, inflama\u021bii de prostat\u0103 etc. Aceste disfunc\u021bii sunt adesea ignorate din cauza&hellip;&nbsp;<a href=\"https:\/\/www.magdaarama.it\/it\/reda-vitalitate-si-tonus-organelor-interne\/\" rel=\"bookmark\">Leggi tutto &raquo;<span class=\"screen-reader-text\">Red\u0103 vitalitate \u0219i tonus organelor interne<\/span><\/a><\/p>","protected":false},"author":1,"featured_media":1878,"comment_status":"closed","ping_status":"open","sticky":false,"template":"","format":"standard","meta":{"_uag_custom_page_level_css":"","advgb_blocks_editor_width":"","advgb_blocks_columns_visual_guide":"","neve_meta_sidebar":"","neve_meta_container":"","neve_meta_enable_content_width":"","neve_meta_content_width":0,"neve_meta_title_alignment":"","neve_meta_author_avatar":"","neve_post_elements_order":"","neve_meta_disable_header":"","neve_meta_disable_footer":"","neve_meta_disable_title":"","footnotes":""},"categories":[18],"tags":[],"class_list":["post-1877","post","type-post","status-publish","format-standard","has-post-thumbnail","hentry","category-blog"],"yoast_head":"<!-- This site is optimized with the Yoast SEO plugin v28.3 - https:\/\/yoast.com\/product\/yoast-seo-wordpress\/ -->\n<title>Red\u0103 vitalitate \u0219i tonus organelor interne - Magda E. Arama - Naturopat\u0103<\/title>\n<meta name=\"description\" content=\"Red\u0103 vitalitate \u0219i tonus organelor interne din zona abdomenului inferior cu ajutorul \ud835\udc1b\ud835\udc22\ud835\udc28\ud835\udc2b\ud835\udc1e\ud835\udc33\ud835\udc28\ud835\udc27\ud835\udc1a\ud835\udc27\ud835\udc2d\u0326\ud835\udc1e\ud835\udc22 \ud835\udc1c\ud835\udc2e \ud835\udc1b\ud835\udc22\ud835\udc28\ud835\udc1f\ud835\udc1e\ud835\udc1e\ud835\udc1d\ud835\udc1b\ud835\udc1a\ud835\udc1c\ud835\udc24 \ud835\udc0e\ud835\udc0d\ud835\udc03\ud835\udc00\ud835\udc0c\ud835\udc04\ud835\udc03\u00ae!\" \/>\n<meta name=\"robots\" content=\"index, follow, max-snippet:-1, max-image-preview:large, max-video-preview:-1\" \/>\n<link rel=\"canonical\" href=\"https:\/\/www.magdaarama.it\/it\/reda-vitalitate-si-tonus-organelor-interne\/\" \/>\n<meta property=\"og:locale\" content=\"it_IT\" \/>\n<meta property=\"og:type\" content=\"article\" \/>\n<meta property=\"og:title\" content=\"Red\u0103 vitalitate \u0219i tonus organelor interne - Magda E. Arama - Naturopat\u0103\" \/>\n<meta property=\"og:description\" content=\"Red\u0103 vitalitate \u0219i tonus organelor interne din zona abdomenului inferior cu ajutorul \ud835\udc1b\ud835\udc22\ud835\udc28\ud835\udc2b\ud835\udc1e\ud835\udc33\ud835\udc28\ud835\udc27\ud835\udc1a\ud835\udc27\ud835\udc2d\u0326\ud835\udc1e\ud835\udc22 \ud835\udc1c\ud835\udc2e \ud835\udc1b\ud835\udc22\ud835\udc28\ud835\udc1f\ud835\udc1e\ud835\udc1e\ud835\udc1d\ud835\udc1b\ud835\udc1a\ud835\udc1c\ud835\udc24 \ud835\udc0e\ud835\udc0d\ud835\udc03\ud835\udc00\ud835\udc0c\ud835\udc04\ud835\udc03\u00ae!\" \/>\n<meta property=\"og:url\" content=\"https:\/\/www.magdaarama.it\/it\/reda-vitalitate-si-tonus-organelor-interne\/\" \/>\n<meta property=\"og:site_name\" content=\"Magda E. Arama - Naturopat\u0103\" \/>\n<meta property=\"article:publisher\" content=\"https:\/\/www.facebook.com\/MagdaAramaNaturopatia\/\" \/>\n<meta property=\"article:author\" content=\"https:\/\/www.facebook.com\/MagdaAramaNaturopatia\/\" \/>\n<meta property=\"article:published_time\" content=\"2026-05-03T19:30:17+00:00\" \/>\n<meta property=\"article:modified_time\" content=\"2026-05-04T19:35:50+00:00\" \/>\n<meta property=\"og:image\" content=\"https:\/\/www.magdaarama.it\/wp-content\/uploads\/2026\/05\/usingondamed.jpg\" \/>\n\t<meta property=\"og:image:width\" content=\"237\" \/>\n\t<meta property=\"og:image:height\" content=\"165\" \/>\n\t<meta property=\"og:image:type\" content=\"image\/jpeg\" \/>\n<meta name=\"author\" content=\"wp_15293167\" \/>\n<meta name=\"twitter:card\" content=\"summary_large_image\" \/>\n<meta name=\"twitter:label1\" content=\"Scritto da\" \/>\n\t<meta name=\"twitter:data1\" content=\"wp_15293167\" \/>\n\t<meta name=\"twitter:label2\" content=\"Tempo di lettura stimato\" \/>\n\t<meta name=\"twitter:data2\" content=\"3 minuti\" \/>\n<script type=\"application\/ld+json\" class=\"yoast-schema-graph\">{\"@context\":\"https:\\\/\\\/schema.org\",\"@graph\":[{\"@type\":\"Article\",\"@id\":\"https:\\\/\\\/www.magdaarama.it\\\/reda-vitalitate-si-tonus-organelor-interne\\\/#article\",\"isPartOf\":{\"@id\":\"https:\\\/\\\/www.magdaarama.it\\\/reda-vitalitate-si-tonus-organelor-interne\\\/\"},\"author\":{\"name\":\"wp_15293167\",\"@id\":\"https:\\\/\\\/www.magdaarama.it\\\/#\\\/schema\\\/person\\\/92a8160f1564c0eb2f6af688f3ee5a41\"},\"headline\":\"Red\u0103 vitalitate \u0219i tonus organelor interne\",\"datePublished\":\"2026-05-03T19:30:17+00:00\",\"dateModified\":\"2026-05-04T19:35:50+00:00\",\"mainEntityOfPage\":{\"@id\":\"https:\\\/\\\/www.magdaarama.it\\\/reda-vitalitate-si-tonus-organelor-interne\\\/\"},\"wordCount\":510,\"publisher\":{\"@id\":\"https:\\\/\\\/www.magdaarama.it\\\/#\\\/schema\\\/person\\\/92a8160f1564c0eb2f6af688f3ee5a41\"},\"image\":{\"@id\":\"https:\\\/\\\/www.magdaarama.it\\\/reda-vitalitate-si-tonus-organelor-interne\\\/#primaryimage\"},\"thumbnailUrl\":\"https:\\\/\\\/www.magdaarama.it\\\/wp-content\\\/uploads\\\/2026\\\/05\\\/usingondamed.jpg\",\"articleSection\":[\"blog\"],\"inLanguage\":\"it-IT\"},{\"@type\":\"WebPage\",\"@id\":\"https:\\\/\\\/www.magdaarama.it\\\/reda-vitalitate-si-tonus-organelor-interne\\\/\",\"url\":\"https:\\\/\\\/www.magdaarama.it\\\/reda-vitalitate-si-tonus-organelor-interne\\\/\",\"name\":\"Red\u0103 vitalitate \u0219i tonus organelor interne - Magda E. Arama - Naturopat\u0103\",\"isPartOf\":{\"@id\":\"https:\\\/\\\/www.magdaarama.it\\\/#website\"},\"primaryImageOfPage\":{\"@id\":\"https:\\\/\\\/www.magdaarama.it\\\/reda-vitalitate-si-tonus-organelor-interne\\\/#primaryimage\"},\"image\":{\"@id\":\"https:\\\/\\\/www.magdaarama.it\\\/reda-vitalitate-si-tonus-organelor-interne\\\/#primaryimage\"},\"thumbnailUrl\":\"https:\\\/\\\/www.magdaarama.it\\\/wp-content\\\/uploads\\\/2026\\\/05\\\/usingondamed.jpg\",\"datePublished\":\"2026-05-03T19:30:17+00:00\",\"dateModified\":\"2026-05-04T19:35:50+00:00\",\"description\":\"Red\u0103 vitalitate \u0219i tonus organelor interne din zona abdomenului inferior cu ajutorul \ud835\udc1b\ud835\udc22\ud835\udc28\ud835\udc2b\ud835\udc1e\ud835\udc33\ud835\udc28\ud835\udc27\ud835\udc1a\ud835\udc27\ud835\udc2d\u0326\ud835\udc1e\ud835\udc22 \ud835\udc1c\ud835\udc2e \ud835\udc1b\ud835\udc22\ud835\udc28\ud835\udc1f\ud835\udc1e\ud835\udc1e\ud835\udc1d\ud835\udc1b\ud835\udc1a\ud835\udc1c\ud835\udc24 \ud835\udc0e\ud835\udc0d\ud835\udc03\ud835\udc00\ud835\udc0c\ud835\udc04\ud835\udc03\u00ae!\",\"breadcrumb\":{\"@id\":\"https:\\\/\\\/www.magdaarama.it\\\/reda-vitalitate-si-tonus-organelor-interne\\\/#breadcrumb\"},\"inLanguage\":\"it-IT\",\"potentialAction\":[{\"@type\":\"ReadAction\",\"target\":[\"https:\\\/\\\/www.magdaarama.it\\\/reda-vitalitate-si-tonus-organelor-interne\\\/\"]}]},{\"@type\":\"ImageObject\",\"inLanguage\":\"it-IT\",\"@id\":\"https:\\\/\\\/www.magdaarama.it\\\/reda-vitalitate-si-tonus-organelor-interne\\\/#primaryimage\",\"url\":\"https:\\\/\\\/www.magdaarama.it\\\/wp-content\\\/uploads\\\/2026\\\/05\\\/usingondamed.jpg\",\"contentUrl\":\"https:\\\/\\\/www.magdaarama.it\\\/wp-content\\\/uploads\\\/2026\\\/05\\\/usingondamed.jpg\",\"width\":237,\"height\":165},{\"@type\":\"BreadcrumbList\",\"@id\":\"https:\\\/\\\/www.magdaarama.it\\\/reda-vitalitate-si-tonus-organelor-interne\\\/#breadcrumb\",\"itemListElement\":[{\"@type\":\"ListItem\",\"position\":1,\"name\":\"Home\",\"item\":\"https:\\\/\\\/www.magdaarama.it\\\/\"},{\"@type\":\"ListItem\",\"position\":2,\"name\":\"Red\u0103 vitalitate \u0219i tonus organelor interne\"}]},{\"@type\":\"WebSite\",\"@id\":\"https:\\\/\\\/www.magdaarama.it\\\/#website\",\"url\":\"https:\\\/\\\/www.magdaarama.it\\\/\",\"name\":\"Magda E. Arama - Naturopat\u0103\",\"description\":\"\",\"publisher\":{\"@id\":\"https:\\\/\\\/www.magdaarama.it\\\/#\\\/schema\\\/person\\\/92a8160f1564c0eb2f6af688f3ee5a41\"},\"potentialAction\":[{\"@type\":\"SearchAction\",\"target\":{\"@type\":\"EntryPoint\",\"urlTemplate\":\"https:\\\/\\\/www.magdaarama.it\\\/?s={search_term_string}\"},\"query-input\":{\"@type\":\"PropertyValueSpecification\",\"valueRequired\":true,\"valueName\":\"search_term_string\"}}],\"inLanguage\":\"it-IT\"},{\"@type\":[\"Person\",\"Organization\"],\"@id\":\"https:\\\/\\\/www.magdaarama.it\\\/#\\\/schema\\\/person\\\/92a8160f1564c0eb2f6af688f3ee5a41\",\"name\":\"wp_15293167\",\"image\":{\"@type\":\"ImageObject\",\"inLanguage\":\"it-IT\",\"@id\":\"https:\\\/\\\/www.magdaarama.it\\\/wp-content\\\/uploads\\\/2022\\\/11\\\/magda_arama_2021.png\",\"url\":\"https:\\\/\\\/www.magdaarama.it\\\/wp-content\\\/uploads\\\/2022\\\/11\\\/magda_arama_2021.png\",\"contentUrl\":\"https:\\\/\\\/www.magdaarama.it\\\/wp-content\\\/uploads\\\/2022\\\/11\\\/magda_arama_2021.png\",\"width\":928,\"height\":929,\"caption\":\"wp_15293167\"},\"logo\":{\"@id\":\"https:\\\/\\\/www.magdaarama.it\\\/wp-content\\\/uploads\\\/2022\\\/11\\\/magda_arama_2021.png\"},\"sameAs\":[\"https:\\\/\\\/www.magdaarama.it\",\"https:\\\/\\\/www.facebook.com\\\/MagdaAramaNaturopatia\\\/\",\"https:\\\/\\\/www.instagram.com\\\/magda_arama\",\"https:\\\/\\\/www.youtube.com\\\/@MagdaArama\"],\"url\":\"https:\\\/\\\/www.magdaarama.it\\\/it\\\/author\\\/wp_15293167\\\/\"}]}<\/script>\n<!-- \/ Yoast SEO plugin. -->","yoast_head_json":{"title":"Red\u0103 vitalitate \u0219i tonus organelor interne - Magda E. Arama - Naturopat\u0103","description":"Red\u0103 vitalitate \u0219i tonus organelor interne din zona abdomenului inferior cu ajutorul \ud835\udc1b\ud835\udc22\ud835\udc28\ud835\udc2b\ud835\udc1e\ud835\udc33\ud835\udc28\ud835\udc27\ud835\udc1a\ud835\udc27\ud835\udc2d\u0326\ud835\udc1e\ud835\udc22 \ud835\udc1c\ud835\udc2e \ud835\udc1b\ud835\udc22\ud835\udc28\ud835\udc1f\ud835\udc1e\ud835\udc1e\ud835\udc1d\ud835\udc1b\ud835\udc1a\ud835\udc1c\ud835\udc24 \ud835\udc0e\ud835\udc0d\ud835\udc03\ud835\udc00\ud835\udc0c\ud835\udc04\ud835\udc03\u00ae!","robots":{"index":"index","follow":"follow","max-snippet":"max-snippet:-1","max-image-preview":"max-image-preview:large","max-video-preview":"max-video-preview:-1"},"canonical":"https:\/\/www.magdaarama.it\/it\/reda-vitalitate-si-tonus-organelor-interne\/","og_locale":"it_IT","og_type":"article","og_title":"Red\u0103 vitalitate \u0219i tonus organelor interne - Magda E. Arama - Naturopat\u0103","og_description":"Red\u0103 vitalitate \u0219i tonus organelor interne din zona abdomenului inferior cu ajutorul \ud835\udc1b\ud835\udc22\ud835\udc28\ud835\udc2b\ud835\udc1e\ud835\udc33\ud835\udc28\ud835\udc27\ud835\udc1a\ud835\udc27\ud835\udc2d\u0326\ud835\udc1e\ud835\udc22 \ud835\udc1c\ud835\udc2e \ud835\udc1b\ud835\udc22\ud835\udc28\ud835\udc1f\ud835\udc1e\ud835\udc1e\ud835\udc1d\ud835\udc1b\ud835\udc1a\ud835\udc1c\ud835\udc24 \ud835\udc0e\ud835\udc0d\ud835\udc03\ud835\udc00\ud835\udc0c\ud835\udc04\ud835\udc03\u00ae!","og_url":"https:\/\/www.magdaarama.it\/it\/reda-vitalitate-si-tonus-organelor-interne\/","og_site_name":"Magda E. Arama - Naturopat\u0103","article_publisher":"https:\/\/www.facebook.com\/MagdaAramaNaturopatia\/","article_author":"https:\/\/www.facebook.com\/MagdaAramaNaturopatia\/","article_published_time":"2026-05-03T19:30:17+00:00","article_modified_time":"2026-05-04T19:35:50+00:00","og_image":[{"width":237,"height":165,"url":"https:\/\/www.magdaarama.it\/wp-content\/uploads\/2026\/05\/usingondamed.jpg","type":"image\/jpeg"}],"author":"wp_15293167","twitter_card":"summary_large_image","twitter_misc":{"Scritto da":"wp_15293167","Tempo di lettura stimato":"3 minuti"},"schema":{"@context":"https:\/\/schema.org","@graph":[{"@type":"Article","@id":"https:\/\/www.magdaarama.it\/reda-vitalitate-si-tonus-organelor-interne\/#article","isPartOf":{"@id":"https:\/\/www.magdaarama.it\/reda-vitalitate-si-tonus-organelor-interne\/"},"author":{"name":"wp_15293167","@id":"https:\/\/www.magdaarama.it\/#\/schema\/person\/92a8160f1564c0eb2f6af688f3ee5a41"},"headline":"Red\u0103 vitalitate \u0219i tonus organelor interne","datePublished":"2026-05-03T19:30:17+00:00","dateModified":"2026-05-04T19:35:50+00:00","mainEntityOfPage":{"@id":"https:\/\/www.magdaarama.it\/reda-vitalitate-si-tonus-organelor-interne\/"},"wordCount":510,"publisher":{"@id":"https:\/\/www.magdaarama.it\/#\/schema\/person\/92a8160f1564c0eb2f6af688f3ee5a41"},"image":{"@id":"https:\/\/www.magdaarama.it\/reda-vitalitate-si-tonus-organelor-interne\/#primaryimage"},"thumbnailUrl":"https:\/\/www.magdaarama.it\/wp-content\/uploads\/2026\/05\/usingondamed.jpg","articleSection":["blog"],"inLanguage":"it-IT"},{"@type":"WebPage","@id":"https:\/\/www.magdaarama.it\/reda-vitalitate-si-tonus-organelor-interne\/","url":"https:\/\/www.magdaarama.it\/reda-vitalitate-si-tonus-organelor-interne\/","name":"Red\u0103 vitalitate \u0219i tonus organelor interne - Magda E. Arama - Naturopat\u0103","isPartOf":{"@id":"https:\/\/www.magdaarama.it\/#website"},"primaryImageOfPage":{"@id":"https:\/\/www.magdaarama.it\/reda-vitalitate-si-tonus-organelor-interne\/#primaryimage"},"image":{"@id":"https:\/\/www.magdaarama.it\/reda-vitalitate-si-tonus-organelor-interne\/#primaryimage"},"thumbnailUrl":"https:\/\/www.magdaarama.it\/wp-content\/uploads\/2026\/05\/usingondamed.jpg","datePublished":"2026-05-03T19:30:17+00:00","dateModified":"2026-05-04T19:35:50+00:00","description":"Red\u0103 vitalitate \u0219i tonus organelor interne din zona abdomenului inferior cu ajutorul \ud835\udc1b\ud835\udc22\ud835\udc28\ud835\udc2b\ud835\udc1e\ud835\udc33\ud835\udc28\ud835\udc27\ud835\udc1a\ud835\udc27\ud835\udc2d\u0326\ud835\udc1e\ud835\udc22 \ud835\udc1c\ud835\udc2e \ud835\udc1b\ud835\udc22\ud835\udc28\ud835\udc1f\ud835\udc1e\ud835\udc1e\ud835\udc1d\ud835\udc1b\ud835\udc1a\ud835\udc1c\ud835\udc24 \ud835\udc0e\ud835\udc0d\ud835\udc03\ud835\udc00\ud835\udc0c\ud835\udc04\ud835\udc03\u00ae!","breadcrumb":{"@id":"https:\/\/www.magdaarama.it\/reda-vitalitate-si-tonus-organelor-interne\/#breadcrumb"},"inLanguage":"it-IT","potentialAction":[{"@type":"ReadAction","target":["https:\/\/www.magdaarama.it\/reda-vitalitate-si-tonus-organelor-interne\/"]}]},{"@type":"ImageObject","inLanguage":"it-IT","@id":"https:\/\/www.magdaarama.it\/reda-vitalitate-si-tonus-organelor-interne\/#primaryimage","url":"https:\/\/www.magdaarama.it\/wp-content\/uploads\/2026\/05\/usingondamed.jpg","contentUrl":"https:\/\/www.magdaarama.it\/wp-content\/uploads\/2026\/05\/usingondamed.jpg","width":237,"height":165},{"@type":"BreadcrumbList","@id":"https:\/\/www.magdaarama.it\/reda-vitalitate-si-tonus-organelor-interne\/#breadcrumb","itemListElement":[{"@type":"ListItem","position":1,"name":"Home","item":"https:\/\/www.magdaarama.it\/"},{"@type":"ListItem","position":2,"name":"Red\u0103 vitalitate \u0219i tonus organelor interne"}]},{"@type":"WebSite","@id":"https:\/\/www.magdaarama.it\/#website","url":"https:\/\/www.magdaarama.it\/","name":"Magda E. Arama - Naturopata","description":"","publisher":{"@id":"https:\/\/www.magdaarama.it\/#\/schema\/person\/92a8160f1564c0eb2f6af688f3ee5a41"},"potentialAction":[{"@type":"SearchAction","target":{"@type":"EntryPoint","urlTemplate":"https:\/\/www.magdaarama.it\/?s={search_term_string}"},"query-input":{"@type":"PropertyValueSpecification","valueRequired":true,"valueName":"search_term_string"}}],"inLanguage":"it-IT"},{"@type":["Person","Organization"],"@id":"https:\/\/www.magdaarama.it\/#\/schema\/person\/92a8160f1564c0eb2f6af688f3ee5a41","name":"wp_15293167","image":{"@type":"ImageObject","inLanguage":"it-IT","@id":"https:\/\/www.magdaarama.it\/wp-content\/uploads\/2022\/11\/magda_arama_2021.png","url":"https:\/\/www.magdaarama.it\/wp-content\/uploads\/2022\/11\/magda_arama_2021.png","contentUrl":"https:\/\/www.magdaarama.it\/wp-content\/uploads\/2022\/11\/magda_arama_2021.png","width":928,"height":929,"caption":"wp_15293167"},"logo":{"@id":"https:\/\/www.magdaarama.it\/wp-content\/uploads\/2022\/11\/magda_arama_2021.png"},"sameAs":["https:\/\/www.magdaarama.it","https:\/\/www.facebook.com\/MagdaAramaNaturopatia\/","https:\/\/www.instagram.com\/magda_arama","https:\/\/www.youtube.com\/@MagdaArama"],"url":"https:\/\/www.magdaarama.it\/it\/author\/wp_15293167\/"}]}},"author_meta":{"display_name":"wp_15293167","author_link":"https:\/\/www.magdaarama.it\/it\/author\/wp_15293167\/"},"featured_img":"https:\/\/www.magdaarama.it\/wp-content\/uploads\/2026\/05\/usingondamed.jpg","uagb_featured_image_src":{"full":["https:\/\/www.magdaarama.it\/wp-content\/uploads\/2026\/05\/usingondamed.jpg",237,165,false],"thumbnail":["https:\/\/www.magdaarama.it\/wp-content\/uploads\/2026\/05\/usingondamed-150x150.jpg",150,150,true],"medium":["https:\/\/www.magdaarama.it\/wp-content\/uploads\/2026\/05\/usingondamed.jpg",237,165,false],"medium_large":["https:\/\/www.magdaarama.it\/wp-content\/uploads\/2026\/05\/usingondamed.jpg",237,165,false],"large":["https:\/\/www.magdaarama.it\/wp-content\/uploads\/2026\/05\/usingondamed.jpg",237,165,false],"1536x1536":["https:\/\/www.magdaarama.it\/wp-content\/uploads\/2026\/05\/usingondamed.jpg",237,165,false],"2048x2048":["https:\/\/www.magdaarama.it\/wp-content\/uploads\/2026\/05\/usingondamed.jpg",237,165,false],"trp-custom-language-flag":["https:\/\/www.magdaarama.it\/wp-content\/uploads\/2026\/05\/usingondamed-18x12.jpg",18,12,true],"neve-blog":["https:\/\/www.magdaarama.it\/wp-content\/uploads\/2026\/05\/usingondamed.jpg",237,165,false]},"uagb_author_info":{"display_name":"wp_15293167","author_link":"https:\/\/www.magdaarama.it\/it\/author\/wp_15293167\/"},"uagb_comment_info":0,"uagb_excerpt":"Red\u0103 vitalitate \u0219i tonus organelor interne din zona abdomenului inferior cu ajutorul \ud835\udc1b\ud835\udc22\ud835\udc28\ud835\udc2b\ud835\udc1e\ud835\udc33\ud835\udc28\ud835\udc27\ud835\udc1a\ud835\udc27\ud835\udc2d\u0326\ud835\udc1e\ud835\udc22 \ud835\udc1c\ud835\udc2e \ud835\udc1b\ud835\udc22\ud835\udc28\ud835\udc1f\ud835\udc1e\ud835\udc1e\ud835\udc1d\ud835\udc1b\ud835\udc1a\ud835\udc1c\ud835\udc24 \ud835\udc0e\ud835\udc0d\ud835\udc03\ud835\udc00\ud835\udc0c\ud835\udc04\ud835\udc03\u00ae! Foarte mul\u021bi oameni (mai predispuse fiind femeile) sufer\u0103 \u00een t\u0103cere de deregl\u0103ri inconfortabile \u00een zona abdomenului inferior: incontinen\u021b\u0103 urinar\u0103, prolaps vaginal sau anal, inflama\u021bii hemoroidale externe sau interne, inflama\u021bii de prostat\u0103 etc. Aceste disfunc\u021bii sunt adesea ignorate din cauza&hellip;&nbsp;Leggi&hellip;","coauthors":[],"tax_additional":{"categories":{"linked":["<a href=\"https:\/\/www.magdaarama.it\/it\/category\/blog\/\" class=\"advgb-post-tax-term\">blog<\/a>"],"unlinked":["<span class=\"advgb-post-tax-term\">blog<\/span>"]}},"comment_count":"0","relative_dates":{"created":"Pubblicato 4 mesi fa","modified":"Aggiornato 4 mesi fa"},"absolute_dates":{"created":"Pubblicato il 3 Maggio 2026","modified":"Aggiornato il 4 Maggio 2026"},"absolute_dates_time":{"created":"Pubblicato il 3 Maggio 2026 19:30","modified":"Aggiornato il 4 Maggio 2026 19:35"},"featured_img_caption":"","series_order":"","_links":{"self":[{"href":"https:\/\/www.magdaarama.it\/it\/wp-json\/wp\/v2\/posts\/1877","targetHints":{"allow":["GET"]}}],"collection":[{"href":"https:\/\/www.magdaarama.it\/it\/wp-json\/wp\/v2\/posts"}],"about":[{"href":"https:\/\/www.magdaarama.it\/it\/wp-json\/wp\/v2\/types\/post"}],"author":[{"embeddable":true,"href":"https:\/\/www.magdaarama.it\/it\/wp-json\/wp\/v2\/users\/1"}],"replies":[{"embeddable":true,"href":"https:\/\/www.magdaarama.it\/it\/wp-json\/wp\/v2\/comments?post=1877"}],"version-history":[{"count":2,"href":"https:\/\/www.magdaarama.it\/it\/wp-json\/wp\/v2\/posts\/1877\/revisions"}],"predecessor-version":[{"id":1881,"href":"https:\/\/www.magdaarama.it\/it\/wp-json\/wp\/v2\/posts\/1877\/revisions\/1881"}],"wp:featuredmedia":[{"embeddable":true,"href":"https:\/\/www.magdaarama.it\/it\/wp-json\/wp\/v2\/media\/1878"}],"wp:attachment":[{"href":"https:\/\/www.magdaarama.it\/it\/wp-json\/wp\/v2\/media?parent=1877"}],"wp:term":[{"taxonomy":"category","embeddable":true,"href":"https:\/\/www.magdaarama.it\/it\/wp-json\/wp\/v2\/categories?post=1877"},{"taxonomy":"post_tag","embeddable":true,"href":"https:\/\/www.magdaarama.it\/it\/wp-json\/wp\/v2\/tags?post=1877"}],"curies":[{"name":"wp","href":"https:\/\/api.w.org\/{rel}","templated":true}]}}