{"id":1872,"date":"2026-05-01T18:15:00","date_gmt":"2026-05-01T18:15:00","guid":{"rendered":"https:\/\/www.magdaarama.it\/?p=1872"},"modified":"2026-05-04T18:36:11","modified_gmt":"2026-05-04T18:36:11","slug":"armonia-interioara-genereaza-armonia-exterioara","status":"publish","type":"post","link":"https:\/\/www.magdaarama.it\/it\/armonia-interioara-genereaza-armonia-exterioara\/","title":{"rendered":"Armonia interioar\u0103 genereaz\u0103 armonia exterioar\u0103."},"content":{"rendered":"\n<p class=\"wp-block-paragraph\">\u00cen profunzimea fiec\u0103rei fiin\u021be umane se ascunde o armonie intrinsec\u0103, un echilibru subtil \u0219i puternic, capabil s\u0103 influen\u021beze lumea pe care o vedem ca fiind exterioar\u0103.<\/p>\n\n\n\n<div class=\"wp-block-uagb-advanced-heading uagb-block-e10f33b1\"><h4 class=\"uagb-heading-text\">Armonia din interior, &#8230; spre infinit<\/h4><\/div>\n\n\n\n<p class=\"wp-block-paragraph\"><\/p>\n\n\n\n<p class=\"wp-block-paragraph\">Fiecare dintre noi este \u00eenzestrat cu un mecanism interior perfect de autovindecare \u0219i echilibru. Aceast\u0103 armonie intrinsec\u0103 nu este ceva ce trebuie s\u0103 \u201econstruim\u201d de la zero, ci o comoar\u0103 pe care noi \u00een\u0219ine trebuie s\u0103 o reg\u0103sim. Ea este starea natural\u0103 a fiin\u021bei noastre, adesea acoperit\u0103 de zgomotul stresului, de g\u00e2ndurile \u00een avalan\u0219\u0103 \u0219i de deconectarea de propriul corp \u0219i de natur\u0103.<\/p>\n\n\n\n<div class=\"wp-block-uagb-advanced-heading uagb-block-d6c4f5f6\"><h4 class=\"uagb-heading-text\">Echilibrul subtil \u0219i puternic.<\/h4><\/div>\n\n\n\n<p class=\"wp-block-paragraph\"><\/p>\n\n\n\n<p class=\"wp-block-paragraph\">C\u00e2nd m\u0103 refer la echilibru \u201esubtil\u201d, m\u0103 refer la toate fluxuri energetice \u0219i conexiunile nervoase care dicteaz\u0103 bun\u0103-starea organismului \u00een totalitatea sa. De\u0219i nu le vedem cu ochiul liber, puterea lor este imens\u0103: o minte lini\u0219tit\u0103 poate calma un stomac iritat, iar un corp relaxat poate debloca \u0219i elibera emo\u021bii captive de ani de zile.<\/p>\n\n\n\n<div class=\"wp-block-uagb-advanced-heading uagb-block-876cf529\"><h4 class=\"uagb-heading-text\">Lumea exterioar\u0103 ca oglind\u0103 &#8230;<\/h4><\/div>\n\n\n\n<p class=\"wp-block-paragraph\"><\/p>\n\n\n\n<p class=\"wp-block-paragraph\">Ceea ce percepem \u00een exterior \u2014 rela\u021biile noastre, modul \u00een care reac\u021bion\u0103m la provoc\u0103ri, chiar \u0219i vitalitatea cu care ne trezim diminea\u021ba \u0219i pe care o sim\u021bim pe parcursul zilei \u2014 este o proiec\u021bie a st\u0103rii noastre interne. Atunci c\u00e2nd \u201eacord\u0103m\u201d instrumentul interior (corpul \u0219i mintea), muzica \u0219i vibra\u021bia pe care le emitem \u00een lume se schimb\u0103.<\/p>\n\n\n\n<p class=\"wp-block-paragraph\">Prin metodele pe care le practic \u2014 fie c\u0103 este vorba de armonizarea frecven\u021belor fiziologice ale corpului prin biorezonan\u021b\u0103 cu <a href=\"https:\/\/www.magdaarama.it\/ondamed\/\">Ondamed<\/a>, relaxarea \u0219i disiparea barierelor mentale cu <a href=\"https:\/\/www.magdaarama.it\/e%f0%9d%90%a5%f0%9d%90%a2%f0%9d%90%9b%f0%9d%90%9e%f0%9d%90%abarea-%f0%9d%90%a6%f0%9d%90%9e%f0%9d%90%a6%f0%9d%90%a8%f0%9d%90%abei-%f0%9d%90%9c%f0%9d%90%9e%f0%9d%90%a5%f0%9d%90%ae%f0%9d%90%a5are\/\">Access Bars,<\/a> re\u00eentinerirea celular\u0103 prin <a href=\"https:\/\/www.magdaarama.it\/access-energetic-facelift\/\">Access Energetic Facelift <\/a>sau stimularea vitalit\u0103\u021bii \u00eentregului organism cu ajutorul <a href=\"https:\/\/www.magdaarama.it\/reflexoterapia-plantara\/\">Reflexoterapiei<\/a> \u2014 scopul este unul singur: s\u0103 \u00eendep\u0103rt\u0103m \u00eempreun\u0103 obstacolele care stau \u00een calea acestei armonii native.<\/p>\n\n\n\n<div class=\"wp-block-uagb-advanced-heading uagb-block-4cbc952d\"><h4 class=\"uagb-heading-text\">A\u0219a \u00ee\u021bi po\u021bi aminti mult mai u\u0219or cine E\u0219ti cu adevarat! <img loading=\"lazy\" decoding=\"async\" height=\"16\" width=\"16\" alt=\"\u2764\ufe0f\" src=\"https:\/\/static.xx.fbcdn.net\/images\/emoji.php\/v9\/t6c\/1\/16\/2764.png\"><\/h4><\/div>\n\n\n\n<p class=\"wp-block-paragraph\"><\/p>\n\n\n\n<p class=\"wp-block-paragraph\">Nu putem for\u021ba lumea exterioar\u0103 s\u0103 fie pa\u0219nic\u0103 dac\u0103 \u00een interiorul nostru suntem \u00eentr-un ve\u0219nic r\u0103zboi. \u00cen momentul \u00een care alegem prezen\u021ba, calmul \u0219i respectul fa\u021b\u0103 de propriul templu biologic, armonia exterioar\u0103 devine o consecin\u021b\u0103 natural\u0103. \u00cenceteaz\u0103 s\u0103 mai fie un c\u00e2mp de b\u0103t\u0103lie.  <strong>Lupta ia sf\u00e2r\u0219it!<\/strong><\/p>\n\n\n\n<figure class=\"wp-block-pullquote\"><blockquote><p>Armonia interioar\u0103 genereaz\u0103 armonia exterioar\u0103.<br><a href=\"https:\/\/www.facebook.com\/MagdaAramaNaturopatia?__cft__[0]=AZYVkwMp_voSIzsc_Z0d3AxDHSGGB1lxKt53S8UFIr1hRDdhNsq5GCdzeN8RbULvTEZwKaiuXcnmcJcvu_mN15xA2SQvSpStvQ61YsDEGwVA6EwLJBPBaoxwcoeVCfTnbaxq85fIbkPDV2_Ukr1w5PECJVtyKotVGlwQxM1LIgA09NW5wEjRzgkeCU8p_INkLOI&amp;__tn__=-]K-R\">Magda Arama Naturopatia<\/a><\/p><\/blockquote><\/figure>\n","protected":false},"excerpt":{"rendered":"<p>\u00cen profunzimea fiec\u0103rei fiin\u021be umane se ascunde o armonie intrinsec\u0103, un echilibru subtil \u0219i puternic, capabil s\u0103 influen\u021beze lumea pe care o vedem ca fiind exterioar\u0103. Armonia din interior, &#8230; spre infinit Fiecare dintre noi este \u00eenzestrat cu un mecanism interior perfect de autovindecare \u0219i echilibru. Aceast\u0103 armonie intrinsec\u0103 nu este ceva ce trebuie s\u0103&hellip;&nbsp;<a href=\"https:\/\/www.magdaarama.it\/it\/armonia-interioara-genereaza-armonia-exterioara\/\" rel=\"bookmark\">Leggi tutto &raquo;<span class=\"screen-reader-text\">Armonia interioar\u0103 genereaz\u0103 armonia exterioar\u0103.<\/span><\/a><\/p>","protected":false},"author":1,"featured_media":1873,"comment_status":"closed","ping_status":"open","sticky":false,"template":"","format":"standard","meta":{"_uag_custom_page_level_css":"","advgb_blocks_editor_width":"","advgb_blocks_columns_visual_guide":"","neve_meta_sidebar":"","neve_meta_container":"","neve_meta_enable_content_width":"","neve_meta_content_width":0,"neve_meta_title_alignment":"","neve_meta_author_avatar":"","neve_post_elements_order":"","neve_meta_disable_header":"","neve_meta_disable_footer":"","neve_meta_disable_title":"","footnotes":""},"categories":[18],"tags":[],"class_list":["post-1872","post","type-post","status-publish","format-standard","has-post-thumbnail","hentry","category-blog"],"yoast_head":"<!-- This site is optimized with the Yoast SEO plugin v28.3 - https:\/\/yoast.com\/product\/yoast-seo-wordpress\/ -->\n<title>Armonia interioar\u0103 genereaz\u0103 armonia exterioar\u0103. - Magda E. Arama - Naturopat\u0103<\/title>\n<meta name=\"description\" content=\"\u00cen profunzimea fiec\u0103rei fiin\u021be umane se ascunde o armonie intrinsec\u0103, un echilibru subtil \u0219i puternic, capabil s\u0103 influen\u021beze lumea pe care o vedem ca fiind exterioar\u0103.\" \/>\n<meta name=\"robots\" content=\"index, follow, max-snippet:-1, max-image-preview:large, max-video-preview:-1\" \/>\n<link rel=\"canonical\" href=\"https:\/\/www.magdaarama.it\/it\/armonia-interioara-genereaza-armonia-exterioara\/\" \/>\n<meta property=\"og:locale\" content=\"it_IT\" \/>\n<meta property=\"og:type\" content=\"article\" \/>\n<meta property=\"og:title\" content=\"Armonia interioar\u0103 genereaz\u0103 armonia exterioar\u0103. - Magda E. Arama - Naturopat\u0103\" \/>\n<meta property=\"og:description\" content=\"\u00cen profunzimea fiec\u0103rei fiin\u021be umane se ascunde o armonie intrinsec\u0103, un echilibru subtil \u0219i puternic, capabil s\u0103 influen\u021beze lumea pe care o vedem ca fiind exterioar\u0103.\" \/>\n<meta property=\"og:url\" content=\"https:\/\/www.magdaarama.it\/it\/armonia-interioara-genereaza-armonia-exterioara\/\" \/>\n<meta property=\"og:site_name\" content=\"Magda E. Arama - Naturopat\u0103\" \/>\n<meta property=\"article:publisher\" content=\"https:\/\/www.facebook.com\/MagdaAramaNaturopatia\/\" \/>\n<meta property=\"article:author\" content=\"https:\/\/www.facebook.com\/MagdaAramaNaturopatia\/\" \/>\n<meta property=\"article:published_time\" content=\"2026-05-01T18:15:00+00:00\" \/>\n<meta property=\"article:modified_time\" content=\"2026-05-04T18:36:11+00:00\" \/>\n<meta property=\"og:image\" content=\"https:\/\/www.magdaarama.it\/wp-content\/uploads\/2026\/05\/ChatGPT-Image-18-feb.-2026-12_16_58.png\" \/>\n\t<meta property=\"og:image:width\" content=\"1536\" \/>\n\t<meta property=\"og:image:height\" content=\"1024\" \/>\n\t<meta property=\"og:image:type\" content=\"image\/png\" \/>\n<meta name=\"author\" content=\"wp_15293167\" \/>\n<meta name=\"twitter:card\" content=\"summary_large_image\" \/>\n<meta name=\"twitter:label1\" content=\"Scritto da\" \/>\n\t<meta name=\"twitter:data1\" content=\"wp_15293167\" \/>\n\t<meta name=\"twitter:label2\" content=\"Tempo di lettura stimato\" \/>\n\t<meta name=\"twitter:data2\" content=\"3 minuti\" \/>\n<script type=\"application\/ld+json\" class=\"yoast-schema-graph\">{\"@context\":\"https:\\\/\\\/schema.org\",\"@graph\":[{\"@type\":\"Article\",\"@id\":\"https:\\\/\\\/www.magdaarama.it\\\/armonia-interioara-genereaza-armonia-exterioara\\\/#article\",\"isPartOf\":{\"@id\":\"https:\\\/\\\/www.magdaarama.it\\\/armonia-interioara-genereaza-armonia-exterioara\\\/\"},\"author\":{\"name\":\"wp_15293167\",\"@id\":\"https:\\\/\\\/www.magdaarama.it\\\/#\\\/schema\\\/person\\\/92a8160f1564c0eb2f6af688f3ee5a41\"},\"headline\":\"Armonia interioar\u0103 genereaz\u0103 armonia exterioar\u0103.\",\"datePublished\":\"2026-05-01T18:15:00+00:00\",\"dateModified\":\"2026-05-04T18:36:11+00:00\",\"mainEntityOfPage\":{\"@id\":\"https:\\\/\\\/www.magdaarama.it\\\/armonia-interioara-genereaza-armonia-exterioara\\\/\"},\"wordCount\":382,\"publisher\":{\"@id\":\"https:\\\/\\\/www.magdaarama.it\\\/#\\\/schema\\\/person\\\/92a8160f1564c0eb2f6af688f3ee5a41\"},\"image\":{\"@id\":\"https:\\\/\\\/www.magdaarama.it\\\/armonia-interioara-genereaza-armonia-exterioara\\\/#primaryimage\"},\"thumbnailUrl\":\"https:\\\/\\\/www.magdaarama.it\\\/wp-content\\\/uploads\\\/2026\\\/05\\\/ChatGPT-Image-18-feb.-2026-12_16_58.png\",\"articleSection\":[\"blog\"],\"inLanguage\":\"it-IT\"},{\"@type\":\"WebPage\",\"@id\":\"https:\\\/\\\/www.magdaarama.it\\\/armonia-interioara-genereaza-armonia-exterioara\\\/\",\"url\":\"https:\\\/\\\/www.magdaarama.it\\\/armonia-interioara-genereaza-armonia-exterioara\\\/\",\"name\":\"Armonia interioar\u0103 genereaz\u0103 armonia exterioar\u0103. - Magda E. Arama - Naturopat\u0103\",\"isPartOf\":{\"@id\":\"https:\\\/\\\/www.magdaarama.it\\\/#website\"},\"primaryImageOfPage\":{\"@id\":\"https:\\\/\\\/www.magdaarama.it\\\/armonia-interioara-genereaza-armonia-exterioara\\\/#primaryimage\"},\"image\":{\"@id\":\"https:\\\/\\\/www.magdaarama.it\\\/armonia-interioara-genereaza-armonia-exterioara\\\/#primaryimage\"},\"thumbnailUrl\":\"https:\\\/\\\/www.magdaarama.it\\\/wp-content\\\/uploads\\\/2026\\\/05\\\/ChatGPT-Image-18-feb.-2026-12_16_58.png\",\"datePublished\":\"2026-05-01T18:15:00+00:00\",\"dateModified\":\"2026-05-04T18:36:11+00:00\",\"description\":\"\u00cen profunzimea fiec\u0103rei fiin\u021be umane se ascunde o armonie intrinsec\u0103, un echilibru subtil \u0219i puternic, capabil s\u0103 influen\u021beze lumea pe care o vedem ca fiind exterioar\u0103.\",\"breadcrumb\":{\"@id\":\"https:\\\/\\\/www.magdaarama.it\\\/armonia-interioara-genereaza-armonia-exterioara\\\/#breadcrumb\"},\"inLanguage\":\"it-IT\",\"potentialAction\":[{\"@type\":\"ReadAction\",\"target\":[\"https:\\\/\\\/www.magdaarama.it\\\/armonia-interioara-genereaza-armonia-exterioara\\\/\"]}]},{\"@type\":\"ImageObject\",\"inLanguage\":\"it-IT\",\"@id\":\"https:\\\/\\\/www.magdaarama.it\\\/armonia-interioara-genereaza-armonia-exterioara\\\/#primaryimage\",\"url\":\"https:\\\/\\\/www.magdaarama.it\\\/wp-content\\\/uploads\\\/2026\\\/05\\\/ChatGPT-Image-18-feb.-2026-12_16_58.png\",\"contentUrl\":\"https:\\\/\\\/www.magdaarama.it\\\/wp-content\\\/uploads\\\/2026\\\/05\\\/ChatGPT-Image-18-feb.-2026-12_16_58.png\",\"width\":1536,\"height\":1024},{\"@type\":\"BreadcrumbList\",\"@id\":\"https:\\\/\\\/www.magdaarama.it\\\/armonia-interioara-genereaza-armonia-exterioara\\\/#breadcrumb\",\"itemListElement\":[{\"@type\":\"ListItem\",\"position\":1,\"name\":\"Home\",\"item\":\"https:\\\/\\\/www.magdaarama.it\\\/\"},{\"@type\":\"ListItem\",\"position\":2,\"name\":\"Armonia interioar\u0103 genereaz\u0103 armonia exterioar\u0103.\"}]},{\"@type\":\"WebSite\",\"@id\":\"https:\\\/\\\/www.magdaarama.it\\\/#website\",\"url\":\"https:\\\/\\\/www.magdaarama.it\\\/\",\"name\":\"Magda E. Arama - Naturopat\u0103\",\"description\":\"\",\"publisher\":{\"@id\":\"https:\\\/\\\/www.magdaarama.it\\\/#\\\/schema\\\/person\\\/92a8160f1564c0eb2f6af688f3ee5a41\"},\"potentialAction\":[{\"@type\":\"SearchAction\",\"target\":{\"@type\":\"EntryPoint\",\"urlTemplate\":\"https:\\\/\\\/www.magdaarama.it\\\/?s={search_term_string}\"},\"query-input\":{\"@type\":\"PropertyValueSpecification\",\"valueRequired\":true,\"valueName\":\"search_term_string\"}}],\"inLanguage\":\"it-IT\"},{\"@type\":[\"Person\",\"Organization\"],\"@id\":\"https:\\\/\\\/www.magdaarama.it\\\/#\\\/schema\\\/person\\\/92a8160f1564c0eb2f6af688f3ee5a41\",\"name\":\"wp_15293167\",\"image\":{\"@type\":\"ImageObject\",\"inLanguage\":\"it-IT\",\"@id\":\"https:\\\/\\\/www.magdaarama.it\\\/wp-content\\\/uploads\\\/2022\\\/11\\\/magda_arama_2021.png\",\"url\":\"https:\\\/\\\/www.magdaarama.it\\\/wp-content\\\/uploads\\\/2022\\\/11\\\/magda_arama_2021.png\",\"contentUrl\":\"https:\\\/\\\/www.magdaarama.it\\\/wp-content\\\/uploads\\\/2022\\\/11\\\/magda_arama_2021.png\",\"width\":928,\"height\":929,\"caption\":\"wp_15293167\"},\"logo\":{\"@id\":\"https:\\\/\\\/www.magdaarama.it\\\/wp-content\\\/uploads\\\/2022\\\/11\\\/magda_arama_2021.png\"},\"sameAs\":[\"https:\\\/\\\/www.magdaarama.it\",\"https:\\\/\\\/www.facebook.com\\\/MagdaAramaNaturopatia\\\/\",\"https:\\\/\\\/www.instagram.com\\\/magda_arama\",\"https:\\\/\\\/www.youtube.com\\\/@MagdaArama\"],\"url\":\"https:\\\/\\\/www.magdaarama.it\\\/it\\\/author\\\/wp_15293167\\\/\"}]}<\/script>\n<!-- \/ Yoast SEO plugin. -->","yoast_head_json":{"title":"Armonia interioar\u0103 genereaz\u0103 armonia exterioar\u0103. - Magda E. Arama - Naturopat\u0103","description":"\u00cen profunzimea fiec\u0103rei fiin\u021be umane se ascunde o armonie intrinsec\u0103, un echilibru subtil \u0219i puternic, capabil s\u0103 influen\u021beze lumea pe care o vedem ca fiind exterioar\u0103.","robots":{"index":"index","follow":"follow","max-snippet":"max-snippet:-1","max-image-preview":"max-image-preview:large","max-video-preview":"max-video-preview:-1"},"canonical":"https:\/\/www.magdaarama.it\/it\/armonia-interioara-genereaza-armonia-exterioara\/","og_locale":"it_IT","og_type":"article","og_title":"Armonia interioar\u0103 genereaz\u0103 armonia exterioar\u0103. - Magda E. Arama - Naturopat\u0103","og_description":"\u00cen profunzimea fiec\u0103rei fiin\u021be umane se ascunde o armonie intrinsec\u0103, un echilibru subtil \u0219i puternic, capabil s\u0103 influen\u021beze lumea pe care o vedem ca fiind exterioar\u0103.","og_url":"https:\/\/www.magdaarama.it\/it\/armonia-interioara-genereaza-armonia-exterioara\/","og_site_name":"Magda E. Arama - Naturopat\u0103","article_publisher":"https:\/\/www.facebook.com\/MagdaAramaNaturopatia\/","article_author":"https:\/\/www.facebook.com\/MagdaAramaNaturopatia\/","article_published_time":"2026-05-01T18:15:00+00:00","article_modified_time":"2026-05-04T18:36:11+00:00","og_image":[{"width":1536,"height":1024,"url":"https:\/\/www.magdaarama.it\/wp-content\/uploads\/2026\/05\/ChatGPT-Image-18-feb.-2026-12_16_58.png","type":"image\/png"}],"author":"wp_15293167","twitter_card":"summary_large_image","twitter_misc":{"Scritto da":"wp_15293167","Tempo di lettura stimato":"3 minuti"},"schema":{"@context":"https:\/\/schema.org","@graph":[{"@type":"Article","@id":"https:\/\/www.magdaarama.it\/armonia-interioara-genereaza-armonia-exterioara\/#article","isPartOf":{"@id":"https:\/\/www.magdaarama.it\/armonia-interioara-genereaza-armonia-exterioara\/"},"author":{"name":"wp_15293167","@id":"https:\/\/www.magdaarama.it\/#\/schema\/person\/92a8160f1564c0eb2f6af688f3ee5a41"},"headline":"Armonia interioar\u0103 genereaz\u0103 armonia exterioar\u0103.","datePublished":"2026-05-01T18:15:00+00:00","dateModified":"2026-05-04T18:36:11+00:00","mainEntityOfPage":{"@id":"https:\/\/www.magdaarama.it\/armonia-interioara-genereaza-armonia-exterioara\/"},"wordCount":382,"publisher":{"@id":"https:\/\/www.magdaarama.it\/#\/schema\/person\/92a8160f1564c0eb2f6af688f3ee5a41"},"image":{"@id":"https:\/\/www.magdaarama.it\/armonia-interioara-genereaza-armonia-exterioara\/#primaryimage"},"thumbnailUrl":"https:\/\/www.magdaarama.it\/wp-content\/uploads\/2026\/05\/ChatGPT-Image-18-feb.-2026-12_16_58.png","articleSection":["blog"],"inLanguage":"it-IT"},{"@type":"WebPage","@id":"https:\/\/www.magdaarama.it\/armonia-interioara-genereaza-armonia-exterioara\/","url":"https:\/\/www.magdaarama.it\/armonia-interioara-genereaza-armonia-exterioara\/","name":"Armonia interioar\u0103 genereaz\u0103 armonia exterioar\u0103. - Magda E. Arama - Naturopat\u0103","isPartOf":{"@id":"https:\/\/www.magdaarama.it\/#website"},"primaryImageOfPage":{"@id":"https:\/\/www.magdaarama.it\/armonia-interioara-genereaza-armonia-exterioara\/#primaryimage"},"image":{"@id":"https:\/\/www.magdaarama.it\/armonia-interioara-genereaza-armonia-exterioara\/#primaryimage"},"thumbnailUrl":"https:\/\/www.magdaarama.it\/wp-content\/uploads\/2026\/05\/ChatGPT-Image-18-feb.-2026-12_16_58.png","datePublished":"2026-05-01T18:15:00+00:00","dateModified":"2026-05-04T18:36:11+00:00","description":"\u00cen profunzimea fiec\u0103rei fiin\u021be umane se ascunde o armonie intrinsec\u0103, un echilibru subtil \u0219i puternic, capabil s\u0103 influen\u021beze lumea pe care o vedem ca fiind exterioar\u0103.","breadcrumb":{"@id":"https:\/\/www.magdaarama.it\/armonia-interioara-genereaza-armonia-exterioara\/#breadcrumb"},"inLanguage":"it-IT","potentialAction":[{"@type":"ReadAction","target":["https:\/\/www.magdaarama.it\/armonia-interioara-genereaza-armonia-exterioara\/"]}]},{"@type":"ImageObject","inLanguage":"it-IT","@id":"https:\/\/www.magdaarama.it\/armonia-interioara-genereaza-armonia-exterioara\/#primaryimage","url":"https:\/\/www.magdaarama.it\/wp-content\/uploads\/2026\/05\/ChatGPT-Image-18-feb.-2026-12_16_58.png","contentUrl":"https:\/\/www.magdaarama.it\/wp-content\/uploads\/2026\/05\/ChatGPT-Image-18-feb.-2026-12_16_58.png","width":1536,"height":1024},{"@type":"BreadcrumbList","@id":"https:\/\/www.magdaarama.it\/armonia-interioara-genereaza-armonia-exterioara\/#breadcrumb","itemListElement":[{"@type":"ListItem","position":1,"name":"Home","item":"https:\/\/www.magdaarama.it\/"},{"@type":"ListItem","position":2,"name":"Armonia interioar\u0103 genereaz\u0103 armonia exterioar\u0103."}]},{"@type":"WebSite","@id":"https:\/\/www.magdaarama.it\/#website","url":"https:\/\/www.magdaarama.it\/","name":"Magda E. Arama - Naturopata","description":"","publisher":{"@id":"https:\/\/www.magdaarama.it\/#\/schema\/person\/92a8160f1564c0eb2f6af688f3ee5a41"},"potentialAction":[{"@type":"SearchAction","target":{"@type":"EntryPoint","urlTemplate":"https:\/\/www.magdaarama.it\/?s={search_term_string}"},"query-input":{"@type":"PropertyValueSpecification","valueRequired":true,"valueName":"search_term_string"}}],"inLanguage":"it-IT"},{"@type":["Person","Organization"],"@id":"https:\/\/www.magdaarama.it\/#\/schema\/person\/92a8160f1564c0eb2f6af688f3ee5a41","name":"wp_15293167","image":{"@type":"ImageObject","inLanguage":"it-IT","@id":"https:\/\/www.magdaarama.it\/wp-content\/uploads\/2022\/11\/magda_arama_2021.png","url":"https:\/\/www.magdaarama.it\/wp-content\/uploads\/2022\/11\/magda_arama_2021.png","contentUrl":"https:\/\/www.magdaarama.it\/wp-content\/uploads\/2022\/11\/magda_arama_2021.png","width":928,"height":929,"caption":"wp_15293167"},"logo":{"@id":"https:\/\/www.magdaarama.it\/wp-content\/uploads\/2022\/11\/magda_arama_2021.png"},"sameAs":["https:\/\/www.magdaarama.it","https:\/\/www.facebook.com\/MagdaAramaNaturopatia\/","https:\/\/www.instagram.com\/magda_arama","https:\/\/www.youtube.com\/@MagdaArama"],"url":"https:\/\/www.magdaarama.it\/it\/author\/wp_15293167\/"}]}},"author_meta":{"display_name":"wp_15293167","author_link":"https:\/\/www.magdaarama.it\/it\/author\/wp_15293167\/"},"featured_img":"https:\/\/www.magdaarama.it\/wp-content\/uploads\/2026\/05\/ChatGPT-Image-18-feb.-2026-12_16_58-300x200.png","uagb_featured_image_src":{"full":["https:\/\/www.magdaarama.it\/wp-content\/uploads\/2026\/05\/ChatGPT-Image-18-feb.-2026-12_16_58.png",1536,1024,false],"thumbnail":["https:\/\/www.magdaarama.it\/wp-content\/uploads\/2026\/05\/ChatGPT-Image-18-feb.-2026-12_16_58-150x150.png",150,150,true],"medium":["https:\/\/www.magdaarama.it\/wp-content\/uploads\/2026\/05\/ChatGPT-Image-18-feb.-2026-12_16_58-300x200.png",300,200,true],"medium_large":["https:\/\/www.magdaarama.it\/wp-content\/uploads\/2026\/05\/ChatGPT-Image-18-feb.-2026-12_16_58-768x512.png",768,512,true],"large":["https:\/\/www.magdaarama.it\/wp-content\/uploads\/2026\/05\/ChatGPT-Image-18-feb.-2026-12_16_58-1024x683.png",1024,683,true],"1536x1536":["https:\/\/www.magdaarama.it\/wp-content\/uploads\/2026\/05\/ChatGPT-Image-18-feb.-2026-12_16_58.png",1536,1024,false],"2048x2048":["https:\/\/www.magdaarama.it\/wp-content\/uploads\/2026\/05\/ChatGPT-Image-18-feb.-2026-12_16_58.png",1536,1024,false],"trp-custom-language-flag":["https:\/\/www.magdaarama.it\/wp-content\/uploads\/2026\/05\/ChatGPT-Image-18-feb.-2026-12_16_58-18x12.png",18,12,true],"neve-blog":["https:\/\/www.magdaarama.it\/wp-content\/uploads\/2026\/05\/ChatGPT-Image-18-feb.-2026-12_16_58-930x620.png",930,620,true]},"uagb_author_info":{"display_name":"wp_15293167","author_link":"https:\/\/www.magdaarama.it\/it\/author\/wp_15293167\/"},"uagb_comment_info":0,"uagb_excerpt":"\u00cen profunzimea fiec\u0103rei fiin\u021be umane se ascunde o armonie intrinsec\u0103, un echilibru subtil \u0219i puternic, capabil s\u0103 influen\u021beze lumea pe care o vedem ca fiind exterioar\u0103. Armonia din interior, &#8230; spre infinit Fiecare dintre noi este \u00eenzestrat cu un mecanism interior perfect de autovindecare \u0219i echilibru. Aceast\u0103 armonie intrinsec\u0103 nu este ceva ce trebuie s\u0103&hellip;&nbsp;Leggi&hellip;","coauthors":[],"tax_additional":{"categories":{"linked":["<a href=\"https:\/\/www.magdaarama.it\/it\/category\/blog\/\" class=\"advgb-post-tax-term\">blog<\/a>"],"unlinked":["<span class=\"advgb-post-tax-term\">blog<\/span>"]}},"comment_count":"0","relative_dates":{"created":"Pubblicato 4 mesi fa","modified":"Aggiornato 4 mesi fa"},"absolute_dates":{"created":"Pubblicato il 1 Maggio 2026","modified":"Aggiornato il 4 Maggio 2026"},"absolute_dates_time":{"created":"Pubblicato il 1 Maggio 2026 18:15","modified":"Aggiornato il 4 Maggio 2026 18:36"},"featured_img_caption":"","series_order":"","_links":{"self":[{"href":"https:\/\/www.magdaarama.it\/it\/wp-json\/wp\/v2\/posts\/1872","targetHints":{"allow":["GET"]}}],"collection":[{"href":"https:\/\/www.magdaarama.it\/it\/wp-json\/wp\/v2\/posts"}],"about":[{"href":"https:\/\/www.magdaarama.it\/it\/wp-json\/wp\/v2\/types\/post"}],"author":[{"embeddable":true,"href":"https:\/\/www.magdaarama.it\/it\/wp-json\/wp\/v2\/users\/1"}],"replies":[{"embeddable":true,"href":"https:\/\/www.magdaarama.it\/it\/wp-json\/wp\/v2\/comments?post=1872"}],"version-history":[{"count":2,"href":"https:\/\/www.magdaarama.it\/it\/wp-json\/wp\/v2\/posts\/1872\/revisions"}],"predecessor-version":[{"id":1876,"href":"https:\/\/www.magdaarama.it\/it\/wp-json\/wp\/v2\/posts\/1872\/revisions\/1876"}],"wp:featuredmedia":[{"embeddable":true,"href":"https:\/\/www.magdaarama.it\/it\/wp-json\/wp\/v2\/media\/1873"}],"wp:attachment":[{"href":"https:\/\/www.magdaarama.it\/it\/wp-json\/wp\/v2\/media?parent=1872"}],"wp:term":[{"taxonomy":"category","embeddable":true,"href":"https:\/\/www.magdaarama.it\/it\/wp-json\/wp\/v2\/categories?post=1872"},{"taxonomy":"post_tag","embeddable":true,"href":"https:\/\/www.magdaarama.it\/it\/wp-json\/wp\/v2\/tags?post=1872"}],"curies":[{"name":"wp","href":"https:\/\/api.w.org\/{rel}","templated":true}]}}