{"id":1862,"date":"2026-04-02T18:39:08","date_gmt":"2026-04-02T18:39:08","guid":{"rendered":"https:\/\/www.magdaarama.it\/?p=1862"},"modified":"2026-04-04T07:32:49","modified_gmt":"2026-04-04T07:32:49","slug":"ce-se-intampla-cand-renunti-la-bucuria-de-a-trai","status":"publish","type":"post","link":"https:\/\/www.magdaarama.it\/it\/ce-se-intampla-cand-renunti-la-bucuria-de-a-trai\/","title":{"rendered":"Ce se \u00eent\u00e2mpl\u0103 c\u00e2nd renun\u021bi la Bucuria de A Tr\u0103i?"},"content":{"rendered":"\n<p class=\"wp-block-paragraph\"><\/p>\n\n\n\n<div class=\"wp-block-uagb-advanced-heading uagb-block-881a2a4a\"><h3 class=\"uagb-heading-text\">\ud835\udc37\ud835\udc5f\ud835\udc62\ud835\udc5a\ud835\udc62\ud835\udc59 \ud835\udc51\ud835\udc52 \ud835\udc59\ud835\udc4e \ud835\udc4e\ud835\udc5d\ud835\udc4e\ud835\udc61\ud835\udc56\ud835\udc52 \ud835\udc59\ud835\udc4e \ud835\udc62\ud835\udc5b \ud835\udc50\ud835\udc5c\ud835\udc5f\ud835\udc5d \ud835\udc60\ud835\udc61\ud835\udc5f\ud835\udc4e\u0306\ud835\udc59\ud835\udc62\ud835\udc50\ud835\udc56\ud835\udc61\ud835\udc5c\ud835\udc5f<\/h3><\/div>\n\n\n\n<p class=\"wp-block-paragraph\">Te-ai \u00eentrebat vreodat\u0103 dac\u0103 un corp s\u0103n\u0103tos este doar rezultatul a ceea ce m\u0103n\u00e2nci ,etc, sau dac\u0103 este, de fapt, \ud835\udc2b\ud835\udc1e\ud835\udc1f\ud835\udc25\ud835\udc1e\ud835\udc31\ud835\udc22\ud835\udc1a \ud835\udc1b\ud835\udc2e\ud835\udc1c\ud835\udc2e\ud835\udc2b\ud835\udc22\ud835\udc1e\ud835\udc22 \ud835\udc2d\ud835\udc1a\ud835\udc25\ud835\udc1e \ud835\udc1d\ud835\udc1e \ud835\udc1a \ud835\udc2d\ud835\udc2b\ud835\udc1a\u0306\ud835\udc22?<\/p>\n\n\n\n<p class=\"wp-block-paragraph\">De cele mai multe ori, dificult\u0103\u021bile prin care trecem ne fac s\u0103 \u201erenun\u021b\u0103m\u201d la via\u021b\u0103 f\u0103r\u0103 s\u0103 ne d\u0103m seama. C\u00e2\u021bi dintre noi nu s-au \u00eentrebat, m\u0103car o dat\u0103: \u201eCe rost are via\u021ba asta plin\u0103 de suferin\u021b\u0103, unde orice ai face, nimic nu pare s\u0103 se \u00eembun\u0103t\u0103\u021beasc\u0103, ci dimpotriv\u0103?\u201d<\/p>\n\n\n\n<p class=\"wp-block-paragraph\">\u00cen practica mea de naturopat, am \u00eent\u00e2lnit mul\u021bi oameni care \u00ee\u0219i puneau \u00een t\u0103cere aceste \u00eentreb\u0103ri. Renun\u021barea la bucuria de a tr\u0103i este, de cele mai multe ori, o alegere la nivel incon\u0219tient; nici m\u0103car nu o realizezi cognitiv. Po\u021bi doar s\u0103 consta\u021bi cum starea de s\u0103n\u0103tate se degradeaz\u0103, trec\u00e2nd dintr-o problem\u0103 de s\u0103n\u0103tate \u00een alta, cu implica\u021bii \u00een toate domeniile vie\u021bii tale. Atunci c\u00e2nd sufletul se retrage \u00een umbr\u0103, reechilibrarea st\u0103rii de bine devine aproape imposibil\u0103, indiferent de ce tratamente ai \u00eencerca.<\/p>\n\n\n\n<div class=\"wp-block-uagb-advanced-heading uagb-block-902910f3\"><h4 class=\"uagb-heading-text\">Experien\u021ba mea: C\u00e2nd bucuria de a tr\u0103i abia mai p\u00e2lp\u00e2ia<\/h4><\/div>\n\n\n\n<p class=\"wp-block-paragraph\">\u0218tiu exact cum se simte aceast\u0103 stare. Dup\u0103 plecarea mamei mele din aceast\u0103 dimensiune, m-am scufundat \u00eentr-o stare de apatie profund\u0103. A fost ca o deconectare par\u021bial\u0103 de la via\u021b\u0103 din care nu a\u0219 fi putut ie\u0219i singur\u0103.<\/p>\n\n\n\n<p class=\"wp-block-paragraph\">Schimbarea a venit abia atunci c\u00e2nd, \u00een c\u0103ut\u0103rile mele, am descoperit metode care au \u201ere\u00eenv\u0103\u021bat\u201d sistemele energetice ale corpului meu s\u0103 vibreze din nou<a href=\"https:\/\/www.magdaarama.it\/ondamed-si-frecventele-solfeggio\/\"> la frecven\u021ba lor original\u0103<\/a>, reactiv\u00e2nd \u00een acela\u0219i timp fluxurile de energie \u00een corp care abia reu\u0219eau s\u0103 mai fac\u0103 fa\u021b\u0103 s\u0103 m\u0103 \u021bin\u0103 \u00een via\u021b\u0103 \u00een condi\u021bii acceptabile. La acel moment a trebuit s\u0103 merg p\u00e2n\u0103 \u00een Germania pentru a g\u0103si acea posibilitate care m-a ridicat din str\u0103funduri.<\/p>\n\n\n\n<blockquote class=\"wp-block-quote is-layout-flow wp-block-quote-is-layout-flow\">\n<p class=\"wp-block-paragraph\">\ud835\udc15\ud835\udc1e\ud835\udc2c\ud835\udc2d\ud835\udc1e\ud835\udc1a \ud835\udc1b\ud835\udc2e\ud835\udc27\ud835\udc1a\u0306 \ud835\udc1e\ud835\udc2c\ud835\udc2d\ud835\udc1e \ud835\udc1c\ud835\udc1a\u0306 \ud835\udc1a\ud835\udc2c\ud835\udc2d\ud835\udc1a\u0306\ud835\udc33\ud835\udc22, \ud835\udc1a\ud835\udc1c\ud835\udc1e\ud835\udc1a\ud835\udc2c\ud835\udc2d\ud835\udc1a\u0306 \ud835\udc29\ud835\udc28\ud835\udc2c\ud835\udc22\ud835\udc1b\ud835\udc22\ud835\udc25\ud835\udc22\ud835\udc2d\ud835\udc1a\ud835\udc2d\ud835\udc1e \ud835\udc1e\ud835\udc2c\ud835\udc2d\ud835\udc1e \ud835\udc1d\ud835\udc22\ud835\udc2c\ud835\udc29\ud835\udc28\ud835\udc27\ud835\udc22\ud835\udc1b\ud835\udc22\ud835\udc25\ud835\udc1a\u0306 \ud835\udc2c\u0326\ud835\udc22 \ud835\udc1a\ud835\udc22\ud835\udc1c\ud835\udc22 \ud835\udc22\u0302\ud835\udc27 \ud835\udc11\ud835\udc28\ud835\udc26\ud835\udc1a\u0302\ud835\udc27\ud835\udc22\ud835\udc1a, \ud835\udc25\ud835\udc1a \ud835\udc11\ud835\udc28\ud835\udc26\ud835\udc1a\ud835\udc27.<\/p>\n<\/blockquote>\n\n\n\n<div class=\"wp-block-uagb-advanced-heading uagb-block-c8b216bf\"><h4 class=\"uagb-heading-text\">Vitalitatea: Lumina din celulele noastre<\/h4><\/div>\n\n\n\n<p class=\"wp-block-paragraph\">Un corp str\u0103lucitor este rezultatul firesc al bucuriei de a tr\u0103i care pulseaz\u0103 \u00een interiorul lui. Vitalitatea este singura condi\u021bie care \u00ee\u021bi permite s\u0103 armonizezi orice situa\u021bie conflictual\u0103 din realitatea ta. C\u00e2nd vibrezi pe frecven\u021ba vie\u021bii, restul se a\u0219az\u0103 de la sine.<\/p>\n\n\n\n<p class=\"wp-block-paragraph\">\u0218tiin\u021ba modern\u0103 confirm\u0103 acest miracol: cercet\u0103torul Vladimir Voeikov a demonstrat c\u0103 \u00een s\u00e2ngele nostru exist\u0103 lumin\u0103 real\u0103 (biofotoni). C\u00e2nd suntem s\u0103n\u0103to\u0219i, aceast\u0103 lumin\u0103 este intens\u0103 \u0219i continu\u0103. Mai mult, s-a observat un fenomen fascinant: o surs\u0103 de lumin\u0103 s\u0103n\u0103toas\u0103, prin simpla prezen\u021b\u0103, poate ajuta o surs\u0103 sl\u0103bit\u0103 s\u0103 se reechilibreze.<\/p>\n\n\n\n<p class=\"wp-block-paragraph\">A\u0219adar, c\u00e2nd alegi s\u0103 \u00ee\u021bi vindeci propria frecven\u021b\u0103, nu te aju\u021bi doar pe tine; devii un far de echilibru \u0219i pentru cei dragi, influen\u021b\u00e2nd pozitiv tot ce te \u00eenconjoar\u0103.<\/p>\n\n\n\n<p class=\"wp-block-paragraph\">Cum ar fi ca bucuria de a tr\u0103i s\u0103 devin\u0103 o prioritate pentru mult mai multi oameni?<\/p>\n\n\n\n<p class=\"wp-block-paragraph\">Acesta este un aspect care afecteaz\u0103 foarte multe familii \u0219i este foarte pu\u021bin luat\u0103 \u00een considerare sau chiar deloc.<\/p>\n\n\n\n<p class=\"wp-block-paragraph\">\u00ceti las \u00een dar o \u00eentrebare pe care s\u0103 \u021bi-o pui \u00een fiecare zi:<\/p>\n\n\n\n<blockquote class=\"wp-block-quote is-layout-flow wp-block-quote-is-layout-flow\">\n<p class=\"wp-block-paragraph\">Cum ar fi via\u021ba mea dac\u0103 a\u0219 permite bucuriei de a tr\u0103i s\u0103 m\u0103 ghideze?<\/p>\n<\/blockquote>\n\n\n\n<p class=\"wp-block-paragraph\"><\/p>\n\n\n\n<p class=\"wp-block-paragraph\"><\/p>\n\n\n\n<p class=\"wp-block-paragraph\">Sunt \ud835\udc0c\ud835\udc1a\ud835\udc20\ud835\udc1d\ud835\udc1a \ud835\udc04\ud835\udc25\ud835\udc1e\ud835\udc27\ud835\udc1a \ud835\udc00\ud835\udc2b\ud835\udc1a\ud835\udc26\ud835\udc1a\u0306, reflexoteapeuta \u0219i naturopat, iar misiunea mea este s\u0103 \u00ee\u021bi ar\u0103t c\u0103 po\u021bi alege din nou s\u0103 accesezi \ud835\udc1b\ud835\udc2e\ud835\udc1c\ud835\udc2e\ud835\udc2b\ud835\udc22\ud835\udc1a \ud835\udc1d\ud835\udc1e \ud835\udc1a \ud835\udc2d\ud835\udc2b\ud835\udc1a\u0306\ud835\udc22 care este deja \u00een tine. Sunt aici s\u0103 te sus\u021bin s\u0103 nu mai renun\u021bi la ea, nici la tine \u2014 dac\u0103 aceasta este alegerea ta.<\/p>\n\n\n\n<p class=\"wp-block-paragraph\"><img loading=\"lazy\" decoding=\"async\" height=\"16\" width=\"16\" alt=\"\ud83d\udc49\" src=\"https:\/\/static.xx.fbcdn.net\/images\/emoji.php\/v9\/t51\/1\/16\/1f449.png\"> Pentru mai multe informatii si programari te invit s\u0103 \u00eemi scrii un mesaj WhatsApp la <a href=\"https:\/\/l.facebook.com\/l.php?u=https%3A%2F%2Fwa.me%2F40750860129%3Ffbclid%3DIwZXh0bgNhZW0CMTAAYnJpZBExQmM2RnJjRzZMcVhZNzVGRHNydGMGYXBwX2lkEDIyMjAzOTE3ODgyMDA4OTIAAR7RZeVmKsJHLrh7625jterMfsMWX23oh6uGJ9ijpx2U3Nfyr-theUKM6nj79w_aem_OG6XvUO3taCIPlPBOBQUFg&amp;h=AT5iEFwJ9u7YynSxoFWSC5nEQTKKVqXdJaMCwchdNFL2u287YDHRnzsUN0br4HgDkTAwJgIe7lyOCaHxC1uAFK_Zf1DLC1BbJODtTj33evhxsZGX3ocWUQbm5D_YC5DQ__SyTsX1ile3nhSR&amp;__tn__=-UK-R&amp;c[0]=AT5XyyJozQZfBscfEH5BfaWdpez8A_mPZhoTJy6FVpcmE4n-l1qxHqo_2j4XkPXQakyzSBFFXgUa_QYAJxNo-KaiMB2WQyTQtrDAoFyNBP1PuWUItcLwO6tlST9FFny3XMJDPk9It7Y7OSWV4yYramXPVERW-_m9-sIyP6SyM-8l9FBwFFlbjMJm69Eqsd7p\" rel=\"noreferrer noopener\" target=\"_blank\">https:\/\/wa.me\/40750860129<\/a><\/p>\n\n\n\n<figure class=\"wp-block-pullquote\"><blockquote><p>Armonia interioar\u0103 genereaz\u0103 armonia exterioar\u0103.<\/p><cite><em>Magda Elena Aram\u0103,<\/em><br><em>Naturopat, Reflexoterapeut \u2013 Roman<\/em><\/cite><\/blockquote><\/figure>\n\n\n\n<p class=\"wp-block-paragraph\"><\/p>\n\n\n\n<p class=\"wp-block-paragraph\"><\/p>\n","protected":false},"excerpt":{"rendered":"<p>\ud835\udc37\ud835\udc5f\ud835\udc62\ud835\udc5a\ud835\udc62\ud835\udc59 \ud835\udc51\ud835\udc52 \ud835\udc59\ud835\udc4e \ud835\udc4e\ud835\udc5d\ud835\udc4e\ud835\udc61\ud835\udc56\ud835\udc52 \ud835\udc59\ud835\udc4e \ud835\udc62\ud835\udc5b \ud835\udc50\ud835\udc5c\ud835\udc5f\ud835\udc5d \ud835\udc60\ud835\udc61\ud835\udc5f\ud835\udc4e\u0306\ud835\udc59\ud835\udc62\ud835\udc50\ud835\udc56\ud835\udc61\ud835\udc5c\ud835\udc5f Te-ai \u00eentrebat vreodat\u0103 dac\u0103 un corp s\u0103n\u0103tos este doar rezultatul a ceea ce m\u0103n\u00e2nci ,etc, sau dac\u0103 este, de fapt, \ud835\udc2b\ud835\udc1e\ud835\udc1f\ud835\udc25\ud835\udc1e\ud835\udc31\ud835\udc22\ud835\udc1a \ud835\udc1b\ud835\udc2e\ud835\udc1c\ud835\udc2e\ud835\udc2b\ud835\udc22\ud835\udc1e\ud835\udc22 \ud835\udc2d\ud835\udc1a\ud835\udc25\ud835\udc1e \ud835\udc1d\ud835\udc1e \ud835\udc1a \ud835\udc2d\ud835\udc2b\ud835\udc1a\u0306\ud835\udc22? De cele mai multe ori, dificult\u0103\u021bile prin care trecem ne fac s\u0103 \u201erenun\u021b\u0103m\u201d la via\u021b\u0103 f\u0103r\u0103 s\u0103 ne d\u0103m seama. C\u00e2\u021bi&hellip;&nbsp;<a href=\"https:\/\/www.magdaarama.it\/it\/ce-se-intampla-cand-renunti-la-bucuria-de-a-trai\/\" rel=\"bookmark\">Leggi tutto &raquo;<span class=\"screen-reader-text\">Ce se \u00eent\u00e2mpl\u0103 c\u00e2nd renun\u021bi la Bucuria de A Tr\u0103i?<\/span><\/a><\/p>","protected":false},"author":1,"featured_media":1863,"comment_status":"closed","ping_status":"open","sticky":false,"template":"","format":"standard","meta":{"_uag_custom_page_level_css":"","advgb_blocks_editor_width":"","advgb_blocks_columns_visual_guide":"","neve_meta_sidebar":"","neve_meta_container":"","neve_meta_enable_content_width":"","neve_meta_content_width":0,"neve_meta_title_alignment":"","neve_meta_author_avatar":"","neve_post_elements_order":"","neve_meta_disable_header":"","neve_meta_disable_footer":"","neve_meta_disable_title":"","footnotes":""},"categories":[18],"tags":[],"class_list":["post-1862","post","type-post","status-publish","format-standard","has-post-thumbnail","hentry","category-blog"],"yoast_head":"<!-- This site is optimized with the Yoast SEO plugin v28.3 - https:\/\/yoast.com\/product\/yoast-seo-wordpress\/ -->\n<title>Ce se \u00eent\u00e2mpl\u0103 c\u00e2nd renun\u021bi la Bucuria de A Tr\u0103i? - Magda E. Arama - Naturopat\u0103<\/title>\n<meta name=\"robots\" content=\"index, follow, max-snippet:-1, max-image-preview:large, max-video-preview:-1\" \/>\n<link rel=\"canonical\" href=\"https:\/\/www.magdaarama.it\/it\/ce-se-intampla-cand-renunti-la-bucuria-de-a-trai\/\" \/>\n<meta property=\"og:locale\" content=\"it_IT\" \/>\n<meta property=\"og:type\" content=\"article\" \/>\n<meta property=\"og:title\" content=\"Ce se \u00eent\u00e2mpl\u0103 c\u00e2nd renun\u021bi la Bucuria de A Tr\u0103i? - Magda E. Arama - Naturopat\u0103\" \/>\n<meta property=\"og:description\" content=\"\ud835\udc37\ud835\udc5f\ud835\udc62\ud835\udc5a\ud835\udc62\ud835\udc59 \ud835\udc51\ud835\udc52 \ud835\udc59\ud835\udc4e \ud835\udc4e\ud835\udc5d\ud835\udc4e\ud835\udc61\ud835\udc56\ud835\udc52 \ud835\udc59\ud835\udc4e \ud835\udc62\ud835\udc5b \ud835\udc50\ud835\udc5c\ud835\udc5f\ud835\udc5d \ud835\udc60\ud835\udc61\ud835\udc5f\ud835\udc4e\u0306\ud835\udc59\ud835\udc62\ud835\udc50\ud835\udc56\ud835\udc61\ud835\udc5c\ud835\udc5f Te-ai \u00eentrebat vreodat\u0103 dac\u0103 un corp s\u0103n\u0103tos este doar rezultatul a ceea ce m\u0103n\u00e2nci ,etc, sau dac\u0103 este, de fapt, \ud835\udc2b\ud835\udc1e\ud835\udc1f\ud835\udc25\ud835\udc1e\ud835\udc31\ud835\udc22\ud835\udc1a \ud835\udc1b\ud835\udc2e\ud835\udc1c\ud835\udc2e\ud835\udc2b\ud835\udc22\ud835\udc1e\ud835\udc22 \ud835\udc2d\ud835\udc1a\ud835\udc25\ud835\udc1e \ud835\udc1d\ud835\udc1e \ud835\udc1a \ud835\udc2d\ud835\udc2b\ud835\udc1a\u0306\ud835\udc22? De cele mai multe ori, dificult\u0103\u021bile prin care trecem ne fac s\u0103 \u201erenun\u021b\u0103m\u201d la via\u021b\u0103 f\u0103r\u0103 s\u0103 ne d\u0103m seama. C\u00e2\u021bi&hellip;&nbsp;Leggi tutto &raquo;Ce se \u00eent\u00e2mpl\u0103 c\u00e2nd renun\u021bi la Bucuria de A Tr\u0103i?\" \/>\n<meta property=\"og:url\" content=\"https:\/\/www.magdaarama.it\/it\/ce-se-intampla-cand-renunti-la-bucuria-de-a-trai\/\" \/>\n<meta property=\"og:site_name\" content=\"Magda E. Arama - Naturopat\u0103\" \/>\n<meta property=\"article:publisher\" content=\"https:\/\/www.facebook.com\/MagdaAramaNaturopatia\/\" \/>\n<meta property=\"article:author\" content=\"https:\/\/www.facebook.com\/MagdaAramaNaturopatia\/\" \/>\n<meta property=\"article:published_time\" content=\"2026-04-02T18:39:08+00:00\" \/>\n<meta property=\"article:modified_time\" content=\"2026-04-04T07:32:49+00:00\" \/>\n<meta property=\"og:image\" content=\"https:\/\/www.magdaarama.it\/wp-content\/uploads\/2026\/04\/Gemini_Generated_Image_qjhe0vqjhe0vqjhe-768x1024.png\" \/>\n\t<meta property=\"og:image:width\" content=\"768\" \/>\n\t<meta property=\"og:image:height\" content=\"1024\" \/>\n\t<meta property=\"og:image:type\" content=\"image\/png\" \/>\n<meta name=\"author\" content=\"wp_15293167\" \/>\n<meta name=\"twitter:card\" content=\"summary_large_image\" \/>\n<meta name=\"twitter:label1\" content=\"Scritto da\" \/>\n\t<meta name=\"twitter:data1\" content=\"wp_15293167\" \/>\n\t<meta name=\"twitter:label2\" content=\"Tempo di lettura stimato\" \/>\n\t<meta name=\"twitter:data2\" content=\"4 minuti\" \/>\n<script type=\"application\/ld+json\" class=\"yoast-schema-graph\">{\"@context\":\"https:\\\/\\\/schema.org\",\"@graph\":[{\"@type\":\"Article\",\"@id\":\"https:\\\/\\\/www.magdaarama.it\\\/ce-se-intampla-cand-renunti-la-bucuria-de-a-trai\\\/#article\",\"isPartOf\":{\"@id\":\"https:\\\/\\\/www.magdaarama.it\\\/ce-se-intampla-cand-renunti-la-bucuria-de-a-trai\\\/\"},\"author\":{\"name\":\"wp_15293167\",\"@id\":\"https:\\\/\\\/www.magdaarama.it\\\/#\\\/schema\\\/person\\\/92a8160f1564c0eb2f6af688f3ee5a41\"},\"headline\":\"Ce se \u00eent\u00e2mpl\u0103 c\u00e2nd renun\u021bi la Bucuria de A Tr\u0103i?\",\"datePublished\":\"2026-04-02T18:39:08+00:00\",\"dateModified\":\"2026-04-04T07:32:49+00:00\",\"mainEntityOfPage\":{\"@id\":\"https:\\\/\\\/www.magdaarama.it\\\/ce-se-intampla-cand-renunti-la-bucuria-de-a-trai\\\/\"},\"wordCount\":630,\"publisher\":{\"@id\":\"https:\\\/\\\/www.magdaarama.it\\\/#\\\/schema\\\/person\\\/92a8160f1564c0eb2f6af688f3ee5a41\"},\"image\":{\"@id\":\"https:\\\/\\\/www.magdaarama.it\\\/ce-se-intampla-cand-renunti-la-bucuria-de-a-trai\\\/#primaryimage\"},\"thumbnailUrl\":\"https:\\\/\\\/www.magdaarama.it\\\/wp-content\\\/uploads\\\/2026\\\/04\\\/Gemini_Generated_Image_qjhe0vqjhe0vqjhe.png\",\"articleSection\":[\"blog\"],\"inLanguage\":\"it-IT\"},{\"@type\":\"WebPage\",\"@id\":\"https:\\\/\\\/www.magdaarama.it\\\/ce-se-intampla-cand-renunti-la-bucuria-de-a-trai\\\/\",\"url\":\"https:\\\/\\\/www.magdaarama.it\\\/ce-se-intampla-cand-renunti-la-bucuria-de-a-trai\\\/\",\"name\":\"Ce se \u00eent\u00e2mpl\u0103 c\u00e2nd renun\u021bi la Bucuria de A Tr\u0103i? - Magda E. Arama - Naturopat\u0103\",\"isPartOf\":{\"@id\":\"https:\\\/\\\/www.magdaarama.it\\\/#website\"},\"primaryImageOfPage\":{\"@id\":\"https:\\\/\\\/www.magdaarama.it\\\/ce-se-intampla-cand-renunti-la-bucuria-de-a-trai\\\/#primaryimage\"},\"image\":{\"@id\":\"https:\\\/\\\/www.magdaarama.it\\\/ce-se-intampla-cand-renunti-la-bucuria-de-a-trai\\\/#primaryimage\"},\"thumbnailUrl\":\"https:\\\/\\\/www.magdaarama.it\\\/wp-content\\\/uploads\\\/2026\\\/04\\\/Gemini_Generated_Image_qjhe0vqjhe0vqjhe.png\",\"datePublished\":\"2026-04-02T18:39:08+00:00\",\"dateModified\":\"2026-04-04T07:32:49+00:00\",\"breadcrumb\":{\"@id\":\"https:\\\/\\\/www.magdaarama.it\\\/ce-se-intampla-cand-renunti-la-bucuria-de-a-trai\\\/#breadcrumb\"},\"inLanguage\":\"it-IT\",\"potentialAction\":[{\"@type\":\"ReadAction\",\"target\":[\"https:\\\/\\\/www.magdaarama.it\\\/ce-se-intampla-cand-renunti-la-bucuria-de-a-trai\\\/\"]}]},{\"@type\":\"ImageObject\",\"inLanguage\":\"it-IT\",\"@id\":\"https:\\\/\\\/www.magdaarama.it\\\/ce-se-intampla-cand-renunti-la-bucuria-de-a-trai\\\/#primaryimage\",\"url\":\"https:\\\/\\\/www.magdaarama.it\\\/wp-content\\\/uploads\\\/2026\\\/04\\\/Gemini_Generated_Image_qjhe0vqjhe0vqjhe.png\",\"contentUrl\":\"https:\\\/\\\/www.magdaarama.it\\\/wp-content\\\/uploads\\\/2026\\\/04\\\/Gemini_Generated_Image_qjhe0vqjhe0vqjhe.png\",\"width\":896,\"height\":1195},{\"@type\":\"BreadcrumbList\",\"@id\":\"https:\\\/\\\/www.magdaarama.it\\\/ce-se-intampla-cand-renunti-la-bucuria-de-a-trai\\\/#breadcrumb\",\"itemListElement\":[{\"@type\":\"ListItem\",\"position\":1,\"name\":\"Home\",\"item\":\"https:\\\/\\\/www.magdaarama.it\\\/\"},{\"@type\":\"ListItem\",\"position\":2,\"name\":\"Ce se \u00eent\u00e2mpl\u0103 c\u00e2nd renun\u021bi la Bucuria de A Tr\u0103i?\"}]},{\"@type\":\"WebSite\",\"@id\":\"https:\\\/\\\/www.magdaarama.it\\\/#website\",\"url\":\"https:\\\/\\\/www.magdaarama.it\\\/\",\"name\":\"Magda E. Arama - Naturopat\u0103\",\"description\":\"\",\"publisher\":{\"@id\":\"https:\\\/\\\/www.magdaarama.it\\\/#\\\/schema\\\/person\\\/92a8160f1564c0eb2f6af688f3ee5a41\"},\"potentialAction\":[{\"@type\":\"SearchAction\",\"target\":{\"@type\":\"EntryPoint\",\"urlTemplate\":\"https:\\\/\\\/www.magdaarama.it\\\/?s={search_term_string}\"},\"query-input\":{\"@type\":\"PropertyValueSpecification\",\"valueRequired\":true,\"valueName\":\"search_term_string\"}}],\"inLanguage\":\"it-IT\"},{\"@type\":[\"Person\",\"Organization\"],\"@id\":\"https:\\\/\\\/www.magdaarama.it\\\/#\\\/schema\\\/person\\\/92a8160f1564c0eb2f6af688f3ee5a41\",\"name\":\"wp_15293167\",\"image\":{\"@type\":\"ImageObject\",\"inLanguage\":\"it-IT\",\"@id\":\"https:\\\/\\\/www.magdaarama.it\\\/wp-content\\\/uploads\\\/2022\\\/11\\\/magda_arama_2021.png\",\"url\":\"https:\\\/\\\/www.magdaarama.it\\\/wp-content\\\/uploads\\\/2022\\\/11\\\/magda_arama_2021.png\",\"contentUrl\":\"https:\\\/\\\/www.magdaarama.it\\\/wp-content\\\/uploads\\\/2022\\\/11\\\/magda_arama_2021.png\",\"width\":928,\"height\":929,\"caption\":\"wp_15293167\"},\"logo\":{\"@id\":\"https:\\\/\\\/www.magdaarama.it\\\/wp-content\\\/uploads\\\/2022\\\/11\\\/magda_arama_2021.png\"},\"sameAs\":[\"https:\\\/\\\/www.magdaarama.it\",\"https:\\\/\\\/www.facebook.com\\\/MagdaAramaNaturopatia\\\/\",\"https:\\\/\\\/www.instagram.com\\\/magda_arama\",\"https:\\\/\\\/www.youtube.com\\\/@MagdaArama\"],\"url\":\"https:\\\/\\\/www.magdaarama.it\\\/it\\\/author\\\/wp_15293167\\\/\"}]}<\/script>\n<!-- \/ Yoast SEO plugin. -->","yoast_head_json":{"title":"Ce se \u00eent\u00e2mpl\u0103 c\u00e2nd renun\u021bi la Bucuria de A Tr\u0103i? - Magda E. Arama - Naturopat\u0103","robots":{"index":"index","follow":"follow","max-snippet":"max-snippet:-1","max-image-preview":"max-image-preview:large","max-video-preview":"max-video-preview:-1"},"canonical":"https:\/\/www.magdaarama.it\/it\/ce-se-intampla-cand-renunti-la-bucuria-de-a-trai\/","og_locale":"it_IT","og_type":"article","og_title":"Ce se \u00eent\u00e2mpl\u0103 c\u00e2nd renun\u021bi la Bucuria de A Tr\u0103i? - Magda E. Arama - Naturopat\u0103","og_description":"\ud835\udc37\ud835\udc5f\ud835\udc62\ud835\udc5a\ud835\udc62\ud835\udc59 \ud835\udc51\ud835\udc52 \ud835\udc59\ud835\udc4e \ud835\udc4e\ud835\udc5d\ud835\udc4e\ud835\udc61\ud835\udc56\ud835\udc52 \ud835\udc59\ud835\udc4e \ud835\udc62\ud835\udc5b \ud835\udc50\ud835\udc5c\ud835\udc5f\ud835\udc5d \ud835\udc60\ud835\udc61\ud835\udc5f\ud835\udc4e\u0306\ud835\udc59\ud835\udc62\ud835\udc50\ud835\udc56\ud835\udc61\ud835\udc5c\ud835\udc5f Te-ai \u00eentrebat vreodat\u0103 dac\u0103 un corp s\u0103n\u0103tos este doar rezultatul a ceea ce m\u0103n\u00e2nci ,etc, sau dac\u0103 este, de fapt, \ud835\udc2b\ud835\udc1e\ud835\udc1f\ud835\udc25\ud835\udc1e\ud835\udc31\ud835\udc22\ud835\udc1a \ud835\udc1b\ud835\udc2e\ud835\udc1c\ud835\udc2e\ud835\udc2b\ud835\udc22\ud835\udc1e\ud835\udc22 \ud835\udc2d\ud835\udc1a\ud835\udc25\ud835\udc1e \ud835\udc1d\ud835\udc1e \ud835\udc1a \ud835\udc2d\ud835\udc2b\ud835\udc1a\u0306\ud835\udc22? De cele mai multe ori, dificult\u0103\u021bile prin care trecem ne fac s\u0103 \u201erenun\u021b\u0103m\u201d la via\u021b\u0103 f\u0103r\u0103 s\u0103 ne d\u0103m seama. C\u00e2\u021bi&hellip;&nbsp;Leggi tutto &raquo;Ce se \u00eent\u00e2mpl\u0103 c\u00e2nd renun\u021bi la Bucuria de A Tr\u0103i?","og_url":"https:\/\/www.magdaarama.it\/it\/ce-se-intampla-cand-renunti-la-bucuria-de-a-trai\/","og_site_name":"Magda E. Arama - Naturopat\u0103","article_publisher":"https:\/\/www.facebook.com\/MagdaAramaNaturopatia\/","article_author":"https:\/\/www.facebook.com\/MagdaAramaNaturopatia\/","article_published_time":"2026-04-02T18:39:08+00:00","article_modified_time":"2026-04-04T07:32:49+00:00","og_image":[{"width":768,"height":1024,"url":"https:\/\/www.magdaarama.it\/wp-content\/uploads\/2026\/04\/Gemini_Generated_Image_qjhe0vqjhe0vqjhe-768x1024.png","type":"image\/png"}],"author":"wp_15293167","twitter_card":"summary_large_image","twitter_misc":{"Scritto da":"wp_15293167","Tempo di lettura stimato":"4 minuti"},"schema":{"@context":"https:\/\/schema.org","@graph":[{"@type":"Article","@id":"https:\/\/www.magdaarama.it\/ce-se-intampla-cand-renunti-la-bucuria-de-a-trai\/#article","isPartOf":{"@id":"https:\/\/www.magdaarama.it\/ce-se-intampla-cand-renunti-la-bucuria-de-a-trai\/"},"author":{"name":"wp_15293167","@id":"https:\/\/www.magdaarama.it\/#\/schema\/person\/92a8160f1564c0eb2f6af688f3ee5a41"},"headline":"Ce se \u00eent\u00e2mpl\u0103 c\u00e2nd renun\u021bi la Bucuria de A Tr\u0103i?","datePublished":"2026-04-02T18:39:08+00:00","dateModified":"2026-04-04T07:32:49+00:00","mainEntityOfPage":{"@id":"https:\/\/www.magdaarama.it\/ce-se-intampla-cand-renunti-la-bucuria-de-a-trai\/"},"wordCount":630,"publisher":{"@id":"https:\/\/www.magdaarama.it\/#\/schema\/person\/92a8160f1564c0eb2f6af688f3ee5a41"},"image":{"@id":"https:\/\/www.magdaarama.it\/ce-se-intampla-cand-renunti-la-bucuria-de-a-trai\/#primaryimage"},"thumbnailUrl":"https:\/\/www.magdaarama.it\/wp-content\/uploads\/2026\/04\/Gemini_Generated_Image_qjhe0vqjhe0vqjhe.png","articleSection":["blog"],"inLanguage":"it-IT"},{"@type":"WebPage","@id":"https:\/\/www.magdaarama.it\/ce-se-intampla-cand-renunti-la-bucuria-de-a-trai\/","url":"https:\/\/www.magdaarama.it\/ce-se-intampla-cand-renunti-la-bucuria-de-a-trai\/","name":"Ce se \u00eent\u00e2mpl\u0103 c\u00e2nd renun\u021bi la Bucuria de A Tr\u0103i? - Magda E. Arama - Naturopat\u0103","isPartOf":{"@id":"https:\/\/www.magdaarama.it\/#website"},"primaryImageOfPage":{"@id":"https:\/\/www.magdaarama.it\/ce-se-intampla-cand-renunti-la-bucuria-de-a-trai\/#primaryimage"},"image":{"@id":"https:\/\/www.magdaarama.it\/ce-se-intampla-cand-renunti-la-bucuria-de-a-trai\/#primaryimage"},"thumbnailUrl":"https:\/\/www.magdaarama.it\/wp-content\/uploads\/2026\/04\/Gemini_Generated_Image_qjhe0vqjhe0vqjhe.png","datePublished":"2026-04-02T18:39:08+00:00","dateModified":"2026-04-04T07:32:49+00:00","breadcrumb":{"@id":"https:\/\/www.magdaarama.it\/ce-se-intampla-cand-renunti-la-bucuria-de-a-trai\/#breadcrumb"},"inLanguage":"it-IT","potentialAction":[{"@type":"ReadAction","target":["https:\/\/www.magdaarama.it\/ce-se-intampla-cand-renunti-la-bucuria-de-a-trai\/"]}]},{"@type":"ImageObject","inLanguage":"it-IT","@id":"https:\/\/www.magdaarama.it\/ce-se-intampla-cand-renunti-la-bucuria-de-a-trai\/#primaryimage","url":"https:\/\/www.magdaarama.it\/wp-content\/uploads\/2026\/04\/Gemini_Generated_Image_qjhe0vqjhe0vqjhe.png","contentUrl":"https:\/\/www.magdaarama.it\/wp-content\/uploads\/2026\/04\/Gemini_Generated_Image_qjhe0vqjhe0vqjhe.png","width":896,"height":1195},{"@type":"BreadcrumbList","@id":"https:\/\/www.magdaarama.it\/ce-se-intampla-cand-renunti-la-bucuria-de-a-trai\/#breadcrumb","itemListElement":[{"@type":"ListItem","position":1,"name":"Home","item":"https:\/\/www.magdaarama.it\/"},{"@type":"ListItem","position":2,"name":"Ce se \u00eent\u00e2mpl\u0103 c\u00e2nd renun\u021bi la Bucuria de A Tr\u0103i?"}]},{"@type":"WebSite","@id":"https:\/\/www.magdaarama.it\/#website","url":"https:\/\/www.magdaarama.it\/","name":"Magda E. Arama - Naturopata","description":"","publisher":{"@id":"https:\/\/www.magdaarama.it\/#\/schema\/person\/92a8160f1564c0eb2f6af688f3ee5a41"},"potentialAction":[{"@type":"SearchAction","target":{"@type":"EntryPoint","urlTemplate":"https:\/\/www.magdaarama.it\/?s={search_term_string}"},"query-input":{"@type":"PropertyValueSpecification","valueRequired":true,"valueName":"search_term_string"}}],"inLanguage":"it-IT"},{"@type":["Person","Organization"],"@id":"https:\/\/www.magdaarama.it\/#\/schema\/person\/92a8160f1564c0eb2f6af688f3ee5a41","name":"wp_15293167","image":{"@type":"ImageObject","inLanguage":"it-IT","@id":"https:\/\/www.magdaarama.it\/wp-content\/uploads\/2022\/11\/magda_arama_2021.png","url":"https:\/\/www.magdaarama.it\/wp-content\/uploads\/2022\/11\/magda_arama_2021.png","contentUrl":"https:\/\/www.magdaarama.it\/wp-content\/uploads\/2022\/11\/magda_arama_2021.png","width":928,"height":929,"caption":"wp_15293167"},"logo":{"@id":"https:\/\/www.magdaarama.it\/wp-content\/uploads\/2022\/11\/magda_arama_2021.png"},"sameAs":["https:\/\/www.magdaarama.it","https:\/\/www.facebook.com\/MagdaAramaNaturopatia\/","https:\/\/www.instagram.com\/magda_arama","https:\/\/www.youtube.com\/@MagdaArama"],"url":"https:\/\/www.magdaarama.it\/it\/author\/wp_15293167\/"}]}},"author_meta":{"display_name":"wp_15293167","author_link":"https:\/\/www.magdaarama.it\/it\/author\/wp_15293167\/"},"featured_img":"https:\/\/www.magdaarama.it\/wp-content\/uploads\/2026\/04\/Gemini_Generated_Image_qjhe0vqjhe0vqjhe-225x300.png","uagb_featured_image_src":{"full":["https:\/\/www.magdaarama.it\/wp-content\/uploads\/2026\/04\/Gemini_Generated_Image_qjhe0vqjhe0vqjhe.png",896,1195,false],"thumbnail":["https:\/\/www.magdaarama.it\/wp-content\/uploads\/2026\/04\/Gemini_Generated_Image_qjhe0vqjhe0vqjhe-150x150.png",150,150,true],"medium":["https:\/\/www.magdaarama.it\/wp-content\/uploads\/2026\/04\/Gemini_Generated_Image_qjhe0vqjhe0vqjhe-225x300.png",225,300,true],"medium_large":["https:\/\/www.magdaarama.it\/wp-content\/uploads\/2026\/04\/Gemini_Generated_Image_qjhe0vqjhe0vqjhe-768x1024.png",768,1024,true],"large":["https:\/\/www.magdaarama.it\/wp-content\/uploads\/2026\/04\/Gemini_Generated_Image_qjhe0vqjhe0vqjhe-768x1024.png",768,1024,true],"1536x1536":["https:\/\/www.magdaarama.it\/wp-content\/uploads\/2026\/04\/Gemini_Generated_Image_qjhe0vqjhe0vqjhe.png",896,1195,false],"2048x2048":["https:\/\/www.magdaarama.it\/wp-content\/uploads\/2026\/04\/Gemini_Generated_Image_qjhe0vqjhe0vqjhe.png",896,1195,false],"trp-custom-language-flag":["https:\/\/www.magdaarama.it\/wp-content\/uploads\/2026\/04\/Gemini_Generated_Image_qjhe0vqjhe0vqjhe-9x12.png",9,12,true],"neve-blog":["https:\/\/www.magdaarama.it\/wp-content\/uploads\/2026\/04\/Gemini_Generated_Image_qjhe0vqjhe0vqjhe-896x620.png",896,620,true]},"uagb_author_info":{"display_name":"wp_15293167","author_link":"https:\/\/www.magdaarama.it\/it\/author\/wp_15293167\/"},"uagb_comment_info":0,"uagb_excerpt":"\ud835\udc37\ud835\udc5f\ud835\udc62\ud835\udc5a\ud835\udc62\ud835\udc59 \ud835\udc51\ud835\udc52 \ud835\udc59\ud835\udc4e \ud835\udc4e\ud835\udc5d\ud835\udc4e\ud835\udc61\ud835\udc56\ud835\udc52 \ud835\udc59\ud835\udc4e \ud835\udc62\ud835\udc5b \ud835\udc50\ud835\udc5c\ud835\udc5f\ud835\udc5d \ud835\udc60\ud835\udc61\ud835\udc5f\ud835\udc4e\u0306\ud835\udc59\ud835\udc62\ud835\udc50\ud835\udc56\ud835\udc61\ud835\udc5c\ud835\udc5f Te-ai \u00eentrebat vreodat\u0103 dac\u0103 un corp s\u0103n\u0103tos este doar rezultatul a ceea ce m\u0103n\u00e2nci ,etc, sau dac\u0103 este, de fapt, \ud835\udc2b\ud835\udc1e\ud835\udc1f\ud835\udc25\ud835\udc1e\ud835\udc31\ud835\udc22\ud835\udc1a \ud835\udc1b\ud835\udc2e\ud835\udc1c\ud835\udc2e\ud835\udc2b\ud835\udc22\ud835\udc1e\ud835\udc22 \ud835\udc2d\ud835\udc1a\ud835\udc25\ud835\udc1e \ud835\udc1d\ud835\udc1e \ud835\udc1a \ud835\udc2d\ud835\udc2b\ud835\udc1a\u0306\ud835\udc22? De cele mai multe ori, dificult\u0103\u021bile prin care trecem ne fac s\u0103 \u201erenun\u021b\u0103m\u201d la via\u021b\u0103 f\u0103r\u0103 s\u0103 ne d\u0103m seama. C\u00e2\u021bi&hellip;&nbsp;Leggi&hellip;","coauthors":[],"tax_additional":{"categories":{"linked":["<a href=\"https:\/\/www.magdaarama.it\/it\/category\/blog\/\" class=\"advgb-post-tax-term\">blog<\/a>"],"unlinked":["<span class=\"advgb-post-tax-term\">blog<\/span>"]}},"comment_count":"0","relative_dates":{"created":"Pubblicato 5 mesi fa","modified":"Aggiornato 5 mesi fa"},"absolute_dates":{"created":"Pubblicato il 2 Aprile 2026","modified":"Aggiornato il 4 Aprile 2026"},"absolute_dates_time":{"created":"Pubblicato il 2 Aprile 2026 18:39","modified":"Aggiornato il 4 Aprile 2026 07:32"},"featured_img_caption":"","series_order":"","_links":{"self":[{"href":"https:\/\/www.magdaarama.it\/it\/wp-json\/wp\/v2\/posts\/1862","targetHints":{"allow":["GET"]}}],"collection":[{"href":"https:\/\/www.magdaarama.it\/it\/wp-json\/wp\/v2\/posts"}],"about":[{"href":"https:\/\/www.magdaarama.it\/it\/wp-json\/wp\/v2\/types\/post"}],"author":[{"embeddable":true,"href":"https:\/\/www.magdaarama.it\/it\/wp-json\/wp\/v2\/users\/1"}],"replies":[{"embeddable":true,"href":"https:\/\/www.magdaarama.it\/it\/wp-json\/wp\/v2\/comments?post=1862"}],"version-history":[{"count":2,"href":"https:\/\/www.magdaarama.it\/it\/wp-json\/wp\/v2\/posts\/1862\/revisions"}],"predecessor-version":[{"id":1865,"href":"https:\/\/www.magdaarama.it\/it\/wp-json\/wp\/v2\/posts\/1862\/revisions\/1865"}],"wp:featuredmedia":[{"embeddable":true,"href":"https:\/\/www.magdaarama.it\/it\/wp-json\/wp\/v2\/media\/1863"}],"wp:attachment":[{"href":"https:\/\/www.magdaarama.it\/it\/wp-json\/wp\/v2\/media?parent=1862"}],"wp:term":[{"taxonomy":"category","embeddable":true,"href":"https:\/\/www.magdaarama.it\/it\/wp-json\/wp\/v2\/categories?post=1862"},{"taxonomy":"post_tag","embeddable":true,"href":"https:\/\/www.magdaarama.it\/it\/wp-json\/wp\/v2\/tags?post=1862"}],"curies":[{"name":"wp","href":"https:\/\/api.w.org\/{rel}","templated":true}]}}