{"id":1690,"date":"2025-08-13T18:29:09","date_gmt":"2025-08-13T18:29:09","guid":{"rendered":"https:\/\/www.magdaarama.it\/?p=1690"},"modified":"2025-08-29T19:00:12","modified_gmt":"2025-08-29T19:00:12","slug":"cand-inima-oboseste-sufera-si-creierul","status":"publish","type":"post","link":"https:\/\/www.magdaarama.it\/it\/cand-inima-oboseste-sufera-si-creierul\/","title":{"rendered":"C\u00e2nd inima obose\u0219te, sufer\u0103 \u0219i creierul"},"content":{"rendered":"<p class=\"wp-block-paragraph\">:<\/p>\n\n\n\n<hr class=\"wp-block-separator has-alpha-channel-opacity\"\/>\n\n\n\n<h3 class=\"wp-block-heading\"><\/h3>\n\n\n\n<div class=\"wp-block-uagb-advanced-heading uagb-block-db28d1fe\"><h3 class=\"uagb-heading-text\"><strong>Leg\u0103tura subtil\u0103 dintre inim\u0103, materie cenu\u0219ie \u0219i echilibrul fiin\u021bei<\/strong><\/h3><\/div>\n\n\n\n<p class=\"wp-block-paragraph\">Pu\u021bini dintre noi con\u0219tientizeaz\u0103 cu adev\u0103rat c\u00e2t de profund este dansul energetic \u0219i fiziologic dintre inim\u0103 \u0219i creier. Inima nu este doar o pomp\u0103 mecanic\u0103 \u2013 este un centru esen\u021bial de comunicare, un izvor de coeren\u021b\u0103 \u0219i vitalitate pentru \u00eentregul corp.<\/p>\n\n\n\n<p class=\"wp-block-paragraph\">Un studiu publicat \u00een <em>European Heart Journal<\/em> de cercet\u0103torii de la <em>University of Western Australia<\/em> a ar\u0103tat clar: atunci c\u00e2nd inima este sl\u0103bit\u0103 \u0219i func\u021bioneaz\u0103 deficitar, \u0219i creierul are de suferit. Rezultatele testelor cognitive \u0219i ale imagisticii prin rezonan\u021b\u0103 magnetic\u0103 (IRM) au indicat o <strong>reducere a materiei cenu\u0219ii<\/strong> \u00een zone esen\u021biale pentru memorie, aten\u021bie \u0219i alte func\u021bii cognitive.<\/p>\n\n\n\n<p class=\"wp-block-paragraph\">Cu alte cuvinte, <strong>declinul func\u021biei inimii poate accelera \u00eemb\u0103tr\u00e2nirea cerebral\u0103 \u0219i poate contribui la deteriorarea mental\u0103<\/strong>.<\/p>\n\n\n\n<div class=\"wp-block-uagb-advanced-heading uagb-block-85874c06\"><h3 class=\"uagb-heading-text\">\ud83d\udd04 <strong>De ce e important acest lucru \u00een context holistic?<\/strong><\/h3><\/div>\n\n\n\n<p class=\"wp-block-paragraph\"><\/p>\n\n\n\n<p class=\"wp-block-paragraph\">Pentru c\u0103 fiecare dezechilibru din corp are o amprent\u0103 energetic\u0103, iar vindecarea real\u0103 nu poate exclude coeren\u021ba inimii.<\/p>\n\n\n\n<p class=\"wp-block-paragraph\">Unul dintre instrumentele esen\u021biale prin care putem sus\u021bine restabilirea armoniei \u00eentre inim\u0103, minte \u0219i corp este <strong>metoda <a href=\"https:\/\/www.magdaarama.it\/ondamed\/\">ONDAMED<\/a><\/strong> \u2013 un dispozitiv de biorezonan\u021b\u0103 care lucreaz\u0103 cu c\u00e2mpurile electromagnetice pulsatorii, sprijinind activarea proceselor naturale de autovindecare.<\/p>\n\n\n\n<p class=\"wp-block-paragraph\">\u2764\ufe0f\u200d\ud83d\udd25 <strong><a href=\"https:\/\/ondamed.net\/\">ONDAMED contribuie la<\/a>:<\/strong><\/p>\n\n\n\n<ul class=\"wp-block-list\">\n<li>\u00eembun\u0103t\u0103\u021birea microcircula\u021biei \u0219i oxigen\u0103rii celulelor<\/li>\n\n\n\n<li>reducerea stresului oxidativ \u0219i a inflama\u021biei<\/li>\n\n\n\n<li>armonizarea sistemului nervos autonom<\/li>\n\n\n\n<li>reglarea presiunii arteriale \u0219i sprijinirea func\u021biei inimii<\/li>\n\n\n\n<li>promovarea <strong>coeren\u021bei inimii<\/strong>, fundamentul echilibrului \u00eentregii fiin\u021be<\/li>\n<\/ul>\n\n\n\n<p class=\"wp-block-paragraph\">\ud83c\udf3f A avea grij\u0103 de inima ta \u00eenseamn\u0103 a-\u021bi \u00eengriji claritatea mental\u0103, memoria, echilibrul emo\u021bional \u0219i vitalitatea.<\/p>\n\n\n\n<blockquote class=\"wp-block-quote is-layout-flow wp-block-quote-is-layout-flow\">\n<p class=\"wp-block-paragraph\"><strong>O inim\u0103 obosit\u0103 poate s\u0103 estompeze lumina con\u0219tiin\u021bei. Dar o inim\u0103 sprijinit\u0103, ascultat\u0103 \u0219i echilibrat\u0103 poate rede\u0219tepta \u00eentregul t\u0103u poten\u021bial.<\/strong><\/p>\n<\/blockquote>\n\n\n\n<p class=\"wp-block-paragraph\">Dac\u0103 sim\u021bi c\u0103 e momentul s\u0103-\u021bi acorzi aceast\u0103 sus\u021binere, te invit s\u0103 descoperi Ondamed \u0219i modul \u00een care te poate ajuta s\u0103 revii la tine, cu mai mult\u0103 prezen\u021b\u0103 \u0219i vitalitate.<\/p>\n\n\n\n<p class=\"wp-block-paragraph\">\ud83d\udc9b Cu bl\u00e2nde\u021be,<br><\/p>\n\n\n\n<h3 class=\"wp-block-heading\"><\/h3>\n\n\n\n<figure class=\"wp-block-pullquote\"><blockquote><p><strong><em>Armonia Interioara Genereaza Armonia Exterioara<\/em><\/strong><br>Magda Elena Arama, reflexologia, naturopatia<\/p><\/blockquote><\/figure>\n\n\n\n<h6 class=\"wp-block-heading\"><\/h6>\n\n\n\n<p class=\"wp-block-paragraph\"><\/p>","protected":false},"excerpt":{"rendered":"<p>: Leg\u0103tura subtil\u0103 dintre inim\u0103, materie cenu\u0219ie \u0219i echilibrul fiin\u021bei Pu\u021bini dintre noi con\u0219tientizeaz\u0103 cu adev\u0103rat c\u00e2t de profund este dansul energetic \u0219i fiziologic dintre inim\u0103 \u0219i creier. Inima nu este doar o pomp\u0103 mecanic\u0103 \u2013 este un centru esen\u021bial de comunicare, un izvor de coeren\u021b\u0103 \u0219i vitalitate pentru \u00eentregul corp. Un studiu publicat \u00een&hellip;&nbsp;<a href=\"https:\/\/www.magdaarama.it\/it\/cand-inima-oboseste-sufera-si-creierul\/\" rel=\"bookmark\">Leggi tutto &raquo;<span class=\"screen-reader-text\">C\u00e2nd inima obose\u0219te, sufer\u0103 \u0219i creierul<\/span><\/a><\/p>","protected":false},"author":1,"featured_media":1692,"comment_status":"closed","ping_status":"open","sticky":false,"template":"","format":"standard","meta":{"_uag_custom_page_level_css":"","advgb_blocks_editor_width":"","advgb_blocks_columns_visual_guide":"","neve_meta_sidebar":"","neve_meta_container":"","neve_meta_enable_content_width":"","neve_meta_content_width":0,"neve_meta_title_alignment":"","neve_meta_author_avatar":"","neve_post_elements_order":"","neve_meta_disable_header":"","neve_meta_disable_footer":"","neve_meta_disable_title":"","footnotes":""},"categories":[18],"tags":[],"class_list":["post-1690","post","type-post","status-publish","format-standard","has-post-thumbnail","hentry","category-blog"],"yoast_head":"<!-- This site is optimized with the Yoast SEO plugin v28.3 - https:\/\/yoast.com\/product\/yoast-seo-wordpress\/ -->\n<title>C\u00e2nd inima obose\u0219te, sufer\u0103 \u0219i creierul - Magda E. Arama - Naturopat\u0103<\/title>\n<meta name=\"description\" content=\"Leg\u0103tura subtil\u0103 dintre inim\u0103, materie cenu\u0219ie \u0219i echilibrul fiin\u021bei. Pu\u021bini dintre noi con\u0219tientizeaz\u0103 cu adev\u0103rat c\u00e2t de profund....\" \/>\n<meta name=\"robots\" content=\"index, follow, max-snippet:-1, max-image-preview:large, max-video-preview:-1\" \/>\n<link rel=\"canonical\" href=\"https:\/\/www.magdaarama.it\/it\/cand-inima-oboseste-sufera-si-creierul\/\" \/>\n<meta property=\"og:locale\" content=\"it_IT\" \/>\n<meta property=\"og:type\" content=\"article\" \/>\n<meta property=\"og:title\" content=\"C\u00e2nd inima obose\u0219te, sufer\u0103 \u0219i creierul - Magda E. Arama - Naturopat\u0103\" \/>\n<meta property=\"og:description\" content=\"Leg\u0103tura subtil\u0103 dintre inim\u0103, materie cenu\u0219ie \u0219i echilibrul fiin\u021bei. Pu\u021bini dintre noi con\u0219tientizeaz\u0103 cu adev\u0103rat c\u00e2t de profund....\" \/>\n<meta property=\"og:url\" content=\"https:\/\/www.magdaarama.it\/it\/cand-inima-oboseste-sufera-si-creierul\/\" \/>\n<meta property=\"og:site_name\" content=\"Magda E. Arama - Naturopat\u0103\" \/>\n<meta property=\"article:publisher\" content=\"https:\/\/www.facebook.com\/MagdaAramaNaturopatia\/\" \/>\n<meta property=\"article:author\" content=\"https:\/\/www.facebook.com\/MagdaAramaNaturopatia\/\" \/>\n<meta property=\"article:published_time\" content=\"2025-08-13T18:29:09+00:00\" \/>\n<meta property=\"article:modified_time\" content=\"2025-08-29T19:00:12+00:00\" \/>\n<meta property=\"og:image\" content=\"https:\/\/www.magdaarama.it\/wp-content\/uploads\/2025\/08\/293198583_5602113343134704_6839302702510465614_n.jpg\" \/>\n\t<meta property=\"og:image:width\" content=\"250\" \/>\n\t<meta property=\"og:image:height\" content=\"250\" \/>\n\t<meta property=\"og:image:type\" content=\"image\/jpeg\" \/>\n<meta name=\"author\" content=\"wp_15293167\" \/>\n<meta name=\"twitter:card\" content=\"summary_large_image\" \/>\n<meta name=\"twitter:label1\" content=\"Scritto da\" \/>\n\t<meta name=\"twitter:data1\" content=\"wp_15293167\" \/>\n\t<meta name=\"twitter:label2\" content=\"Tempo di lettura stimato\" \/>\n\t<meta name=\"twitter:data2\" content=\"2 minuti\" \/>\n<script type=\"application\/ld+json\" class=\"yoast-schema-graph\">{\"@context\":\"https:\\\/\\\/schema.org\",\"@graph\":[{\"@type\":\"Article\",\"@id\":\"https:\\\/\\\/www.magdaarama.it\\\/cand-inima-oboseste-sufera-si-creierul\\\/#article\",\"isPartOf\":{\"@id\":\"https:\\\/\\\/www.magdaarama.it\\\/cand-inima-oboseste-sufera-si-creierul\\\/\"},\"author\":{\"name\":\"wp_15293167\",\"@id\":\"https:\\\/\\\/www.magdaarama.it\\\/#\\\/schema\\\/person\\\/92a8160f1564c0eb2f6af688f3ee5a41\"},\"headline\":\"C\u00e2nd inima obose\u0219te, sufer\u0103 \u0219i creierul\",\"datePublished\":\"2025-08-13T18:29:09+00:00\",\"dateModified\":\"2025-08-29T19:00:12+00:00\",\"mainEntityOfPage\":{\"@id\":\"https:\\\/\\\/www.magdaarama.it\\\/cand-inima-oboseste-sufera-si-creierul\\\/\"},\"wordCount\":348,\"publisher\":{\"@id\":\"https:\\\/\\\/www.magdaarama.it\\\/#\\\/schema\\\/person\\\/92a8160f1564c0eb2f6af688f3ee5a41\"},\"image\":{\"@id\":\"https:\\\/\\\/www.magdaarama.it\\\/cand-inima-oboseste-sufera-si-creierul\\\/#primaryimage\"},\"thumbnailUrl\":\"https:\\\/\\\/www.magdaarama.it\\\/wp-content\\\/uploads\\\/2025\\\/08\\\/293198583_5602113343134704_6839302702510465614_n.jpg\",\"articleSection\":[\"blog\"],\"inLanguage\":\"it-IT\"},{\"@type\":\"WebPage\",\"@id\":\"https:\\\/\\\/www.magdaarama.it\\\/cand-inima-oboseste-sufera-si-creierul\\\/\",\"url\":\"https:\\\/\\\/www.magdaarama.it\\\/cand-inima-oboseste-sufera-si-creierul\\\/\",\"name\":\"C\u00e2nd inima obose\u0219te, sufer\u0103 \u0219i creierul - Magda E. Arama - Naturopat\u0103\",\"isPartOf\":{\"@id\":\"https:\\\/\\\/www.magdaarama.it\\\/#website\"},\"primaryImageOfPage\":{\"@id\":\"https:\\\/\\\/www.magdaarama.it\\\/cand-inima-oboseste-sufera-si-creierul\\\/#primaryimage\"},\"image\":{\"@id\":\"https:\\\/\\\/www.magdaarama.it\\\/cand-inima-oboseste-sufera-si-creierul\\\/#primaryimage\"},\"thumbnailUrl\":\"https:\\\/\\\/www.magdaarama.it\\\/wp-content\\\/uploads\\\/2025\\\/08\\\/293198583_5602113343134704_6839302702510465614_n.jpg\",\"datePublished\":\"2025-08-13T18:29:09+00:00\",\"dateModified\":\"2025-08-29T19:00:12+00:00\",\"description\":\"Leg\u0103tura subtil\u0103 dintre inim\u0103, materie cenu\u0219ie \u0219i echilibrul fiin\u021bei. Pu\u021bini dintre noi con\u0219tientizeaz\u0103 cu adev\u0103rat c\u00e2t de profund....\",\"breadcrumb\":{\"@id\":\"https:\\\/\\\/www.magdaarama.it\\\/cand-inima-oboseste-sufera-si-creierul\\\/#breadcrumb\"},\"inLanguage\":\"it-IT\",\"potentialAction\":[{\"@type\":\"ReadAction\",\"target\":[\"https:\\\/\\\/www.magdaarama.it\\\/cand-inima-oboseste-sufera-si-creierul\\\/\"]}]},{\"@type\":\"ImageObject\",\"inLanguage\":\"it-IT\",\"@id\":\"https:\\\/\\\/www.magdaarama.it\\\/cand-inima-oboseste-sufera-si-creierul\\\/#primaryimage\",\"url\":\"https:\\\/\\\/www.magdaarama.it\\\/wp-content\\\/uploads\\\/2025\\\/08\\\/293198583_5602113343134704_6839302702510465614_n.jpg\",\"contentUrl\":\"https:\\\/\\\/www.magdaarama.it\\\/wp-content\\\/uploads\\\/2025\\\/08\\\/293198583_5602113343134704_6839302702510465614_n.jpg\",\"width\":250,\"height\":250},{\"@type\":\"BreadcrumbList\",\"@id\":\"https:\\\/\\\/www.magdaarama.it\\\/cand-inima-oboseste-sufera-si-creierul\\\/#breadcrumb\",\"itemListElement\":[{\"@type\":\"ListItem\",\"position\":1,\"name\":\"Home\",\"item\":\"https:\\\/\\\/www.magdaarama.it\\\/\"},{\"@type\":\"ListItem\",\"position\":2,\"name\":\"C\u00e2nd inima obose\u0219te, sufer\u0103 \u0219i creierul\"}]},{\"@type\":\"WebSite\",\"@id\":\"https:\\\/\\\/www.magdaarama.it\\\/#website\",\"url\":\"https:\\\/\\\/www.magdaarama.it\\\/\",\"name\":\"Magda E. Arama - Naturopat\u0103\",\"description\":\"\",\"publisher\":{\"@id\":\"https:\\\/\\\/www.magdaarama.it\\\/#\\\/schema\\\/person\\\/92a8160f1564c0eb2f6af688f3ee5a41\"},\"potentialAction\":[{\"@type\":\"SearchAction\",\"target\":{\"@type\":\"EntryPoint\",\"urlTemplate\":\"https:\\\/\\\/www.magdaarama.it\\\/?s={search_term_string}\"},\"query-input\":{\"@type\":\"PropertyValueSpecification\",\"valueRequired\":true,\"valueName\":\"search_term_string\"}}],\"inLanguage\":\"it-IT\"},{\"@type\":[\"Person\",\"Organization\"],\"@id\":\"https:\\\/\\\/www.magdaarama.it\\\/#\\\/schema\\\/person\\\/92a8160f1564c0eb2f6af688f3ee5a41\",\"name\":\"wp_15293167\",\"image\":{\"@type\":\"ImageObject\",\"inLanguage\":\"it-IT\",\"@id\":\"https:\\\/\\\/www.magdaarama.it\\\/wp-content\\\/uploads\\\/2022\\\/11\\\/magda_arama_2021.png\",\"url\":\"https:\\\/\\\/www.magdaarama.it\\\/wp-content\\\/uploads\\\/2022\\\/11\\\/magda_arama_2021.png\",\"contentUrl\":\"https:\\\/\\\/www.magdaarama.it\\\/wp-content\\\/uploads\\\/2022\\\/11\\\/magda_arama_2021.png\",\"width\":928,\"height\":929,\"caption\":\"wp_15293167\"},\"logo\":{\"@id\":\"https:\\\/\\\/www.magdaarama.it\\\/wp-content\\\/uploads\\\/2022\\\/11\\\/magda_arama_2021.png\"},\"sameAs\":[\"https:\\\/\\\/www.magdaarama.it\",\"https:\\\/\\\/www.facebook.com\\\/MagdaAramaNaturopatia\\\/\",\"https:\\\/\\\/www.instagram.com\\\/magda_arama\",\"https:\\\/\\\/www.youtube.com\\\/@MagdaArama\"],\"url\":\"https:\\\/\\\/www.magdaarama.it\\\/it\\\/author\\\/wp_15293167\\\/\"}]}<\/script>\n<!-- \/ Yoast SEO plugin. -->","yoast_head_json":{"title":"C\u00e2nd inima obose\u0219te, sufer\u0103 \u0219i creierul - Magda E. Arama - Naturopat\u0103","description":"Leg\u0103tura subtil\u0103 dintre inim\u0103, materie cenu\u0219ie \u0219i echilibrul fiin\u021bei. Pu\u021bini dintre noi con\u0219tientizeaz\u0103 cu adev\u0103rat c\u00e2t de profund....","robots":{"index":"index","follow":"follow","max-snippet":"max-snippet:-1","max-image-preview":"max-image-preview:large","max-video-preview":"max-video-preview:-1"},"canonical":"https:\/\/www.magdaarama.it\/it\/cand-inima-oboseste-sufera-si-creierul\/","og_locale":"it_IT","og_type":"article","og_title":"C\u00e2nd inima obose\u0219te, sufer\u0103 \u0219i creierul - Magda E. Arama - Naturopat\u0103","og_description":"Leg\u0103tura subtil\u0103 dintre inim\u0103, materie cenu\u0219ie \u0219i echilibrul fiin\u021bei. Pu\u021bini dintre noi con\u0219tientizeaz\u0103 cu adev\u0103rat c\u00e2t de profund....","og_url":"https:\/\/www.magdaarama.it\/it\/cand-inima-oboseste-sufera-si-creierul\/","og_site_name":"Magda E. Arama - Naturopat\u0103","article_publisher":"https:\/\/www.facebook.com\/MagdaAramaNaturopatia\/","article_author":"https:\/\/www.facebook.com\/MagdaAramaNaturopatia\/","article_published_time":"2025-08-13T18:29:09+00:00","article_modified_time":"2025-08-29T19:00:12+00:00","og_image":[{"width":250,"height":250,"url":"https:\/\/www.magdaarama.it\/wp-content\/uploads\/2025\/08\/293198583_5602113343134704_6839302702510465614_n.jpg","type":"image\/jpeg"}],"author":"wp_15293167","twitter_card":"summary_large_image","twitter_misc":{"Scritto da":"wp_15293167","Tempo di lettura stimato":"2 minuti"},"schema":{"@context":"https:\/\/schema.org","@graph":[{"@type":"Article","@id":"https:\/\/www.magdaarama.it\/cand-inima-oboseste-sufera-si-creierul\/#article","isPartOf":{"@id":"https:\/\/www.magdaarama.it\/cand-inima-oboseste-sufera-si-creierul\/"},"author":{"name":"wp_15293167","@id":"https:\/\/www.magdaarama.it\/#\/schema\/person\/92a8160f1564c0eb2f6af688f3ee5a41"},"headline":"C\u00e2nd inima obose\u0219te, sufer\u0103 \u0219i creierul","datePublished":"2025-08-13T18:29:09+00:00","dateModified":"2025-08-29T19:00:12+00:00","mainEntityOfPage":{"@id":"https:\/\/www.magdaarama.it\/cand-inima-oboseste-sufera-si-creierul\/"},"wordCount":348,"publisher":{"@id":"https:\/\/www.magdaarama.it\/#\/schema\/person\/92a8160f1564c0eb2f6af688f3ee5a41"},"image":{"@id":"https:\/\/www.magdaarama.it\/cand-inima-oboseste-sufera-si-creierul\/#primaryimage"},"thumbnailUrl":"https:\/\/www.magdaarama.it\/wp-content\/uploads\/2025\/08\/293198583_5602113343134704_6839302702510465614_n.jpg","articleSection":["blog"],"inLanguage":"it-IT"},{"@type":"WebPage","@id":"https:\/\/www.magdaarama.it\/cand-inima-oboseste-sufera-si-creierul\/","url":"https:\/\/www.magdaarama.it\/cand-inima-oboseste-sufera-si-creierul\/","name":"C\u00e2nd inima obose\u0219te, sufer\u0103 \u0219i creierul - Magda E. Arama - Naturopat\u0103","isPartOf":{"@id":"https:\/\/www.magdaarama.it\/#website"},"primaryImageOfPage":{"@id":"https:\/\/www.magdaarama.it\/cand-inima-oboseste-sufera-si-creierul\/#primaryimage"},"image":{"@id":"https:\/\/www.magdaarama.it\/cand-inima-oboseste-sufera-si-creierul\/#primaryimage"},"thumbnailUrl":"https:\/\/www.magdaarama.it\/wp-content\/uploads\/2025\/08\/293198583_5602113343134704_6839302702510465614_n.jpg","datePublished":"2025-08-13T18:29:09+00:00","dateModified":"2025-08-29T19:00:12+00:00","description":"Leg\u0103tura subtil\u0103 dintre inim\u0103, materie cenu\u0219ie \u0219i echilibrul fiin\u021bei. Pu\u021bini dintre noi con\u0219tientizeaz\u0103 cu adev\u0103rat c\u00e2t de profund....","breadcrumb":{"@id":"https:\/\/www.magdaarama.it\/cand-inima-oboseste-sufera-si-creierul\/#breadcrumb"},"inLanguage":"it-IT","potentialAction":[{"@type":"ReadAction","target":["https:\/\/www.magdaarama.it\/cand-inima-oboseste-sufera-si-creierul\/"]}]},{"@type":"ImageObject","inLanguage":"it-IT","@id":"https:\/\/www.magdaarama.it\/cand-inima-oboseste-sufera-si-creierul\/#primaryimage","url":"https:\/\/www.magdaarama.it\/wp-content\/uploads\/2025\/08\/293198583_5602113343134704_6839302702510465614_n.jpg","contentUrl":"https:\/\/www.magdaarama.it\/wp-content\/uploads\/2025\/08\/293198583_5602113343134704_6839302702510465614_n.jpg","width":250,"height":250},{"@type":"BreadcrumbList","@id":"https:\/\/www.magdaarama.it\/cand-inima-oboseste-sufera-si-creierul\/#breadcrumb","itemListElement":[{"@type":"ListItem","position":1,"name":"Home","item":"https:\/\/www.magdaarama.it\/"},{"@type":"ListItem","position":2,"name":"C\u00e2nd inima obose\u0219te, sufer\u0103 \u0219i creierul"}]},{"@type":"WebSite","@id":"https:\/\/www.magdaarama.it\/#website","url":"https:\/\/www.magdaarama.it\/","name":"Magda E. Arama - Naturopata","description":"","publisher":{"@id":"https:\/\/www.magdaarama.it\/#\/schema\/person\/92a8160f1564c0eb2f6af688f3ee5a41"},"potentialAction":[{"@type":"SearchAction","target":{"@type":"EntryPoint","urlTemplate":"https:\/\/www.magdaarama.it\/?s={search_term_string}"},"query-input":{"@type":"PropertyValueSpecification","valueRequired":true,"valueName":"search_term_string"}}],"inLanguage":"it-IT"},{"@type":["Person","Organization"],"@id":"https:\/\/www.magdaarama.it\/#\/schema\/person\/92a8160f1564c0eb2f6af688f3ee5a41","name":"wp_15293167","image":{"@type":"ImageObject","inLanguage":"it-IT","@id":"https:\/\/www.magdaarama.it\/wp-content\/uploads\/2022\/11\/magda_arama_2021.png","url":"https:\/\/www.magdaarama.it\/wp-content\/uploads\/2022\/11\/magda_arama_2021.png","contentUrl":"https:\/\/www.magdaarama.it\/wp-content\/uploads\/2022\/11\/magda_arama_2021.png","width":928,"height":929,"caption":"wp_15293167"},"logo":{"@id":"https:\/\/www.magdaarama.it\/wp-content\/uploads\/2022\/11\/magda_arama_2021.png"},"sameAs":["https:\/\/www.magdaarama.it","https:\/\/www.facebook.com\/MagdaAramaNaturopatia\/","https:\/\/www.instagram.com\/magda_arama","https:\/\/www.youtube.com\/@MagdaArama"],"url":"https:\/\/www.magdaarama.it\/it\/author\/wp_15293167\/"}]}},"author_meta":{"display_name":"wp_15293167","author_link":"https:\/\/www.magdaarama.it\/it\/author\/wp_15293167\/"},"featured_img":"https:\/\/www.magdaarama.it\/wp-content\/uploads\/2025\/08\/293198583_5602113343134704_6839302702510465614_n.jpg","uagb_featured_image_src":{"full":["https:\/\/www.magdaarama.it\/wp-content\/uploads\/2025\/08\/293198583_5602113343134704_6839302702510465614_n.jpg",250,250,false],"thumbnail":["https:\/\/www.magdaarama.it\/wp-content\/uploads\/2025\/08\/293198583_5602113343134704_6839302702510465614_n-150x150.jpg",150,150,true],"medium":["https:\/\/www.magdaarama.it\/wp-content\/uploads\/2025\/08\/293198583_5602113343134704_6839302702510465614_n.jpg",250,250,false],"medium_large":["https:\/\/www.magdaarama.it\/wp-content\/uploads\/2025\/08\/293198583_5602113343134704_6839302702510465614_n.jpg",250,250,false],"large":["https:\/\/www.magdaarama.it\/wp-content\/uploads\/2025\/08\/293198583_5602113343134704_6839302702510465614_n.jpg",250,250,false],"1536x1536":["https:\/\/www.magdaarama.it\/wp-content\/uploads\/2025\/08\/293198583_5602113343134704_6839302702510465614_n.jpg",250,250,false],"2048x2048":["https:\/\/www.magdaarama.it\/wp-content\/uploads\/2025\/08\/293198583_5602113343134704_6839302702510465614_n.jpg",250,250,false],"trp-custom-language-flag":["https:\/\/www.magdaarama.it\/wp-content\/uploads\/2025\/08\/293198583_5602113343134704_6839302702510465614_n-12x12.jpg",12,12,true],"neve-blog":["https:\/\/www.magdaarama.it\/wp-content\/uploads\/2025\/08\/293198583_5602113343134704_6839302702510465614_n.jpg",250,250,false]},"uagb_author_info":{"display_name":"wp_15293167","author_link":"https:\/\/www.magdaarama.it\/it\/author\/wp_15293167\/"},"uagb_comment_info":0,"uagb_excerpt":": Leg\u0103tura subtil\u0103 dintre inim\u0103, materie cenu\u0219ie \u0219i echilibrul fiin\u021bei Pu\u021bini dintre noi con\u0219tientizeaz\u0103 cu adev\u0103rat c\u00e2t de profund este dansul energetic \u0219i fiziologic dintre inim\u0103 \u0219i creier. Inima nu este doar o pomp\u0103 mecanic\u0103 \u2013 este un centru esen\u021bial de comunicare, un izvor de coeren\u021b\u0103 \u0219i vitalitate pentru \u00eentregul corp. Un studiu publicat \u00een&hellip;&nbsp;Leggi&hellip;","coauthors":[],"tax_additional":{"categories":{"linked":["<a href=\"https:\/\/www.magdaarama.it\/it\/category\/blog\/\" class=\"advgb-post-tax-term\">blog<\/a>"],"unlinked":["<span class=\"advgb-post-tax-term\">blog<\/span>"]}},"comment_count":"0","relative_dates":{"created":"Pubblicato 1 anno fa","modified":"Aggiornato 1 anno fa"},"absolute_dates":{"created":"Pubblicato il 13 Agosto 2025","modified":"Aggiornato il 29 Agosto 2025"},"absolute_dates_time":{"created":"Pubblicato il 13 Agosto 2025 18:29","modified":"Aggiornato il 29 Agosto 2025 19:00"},"featured_img_caption":"","series_order":"","_links":{"self":[{"href":"https:\/\/www.magdaarama.it\/it\/wp-json\/wp\/v2\/posts\/1690","targetHints":{"allow":["GET"]}}],"collection":[{"href":"https:\/\/www.magdaarama.it\/it\/wp-json\/wp\/v2\/posts"}],"about":[{"href":"https:\/\/www.magdaarama.it\/it\/wp-json\/wp\/v2\/types\/post"}],"author":[{"embeddable":true,"href":"https:\/\/www.magdaarama.it\/it\/wp-json\/wp\/v2\/users\/1"}],"replies":[{"embeddable":true,"href":"https:\/\/www.magdaarama.it\/it\/wp-json\/wp\/v2\/comments?post=1690"}],"version-history":[{"count":3,"href":"https:\/\/www.magdaarama.it\/it\/wp-json\/wp\/v2\/posts\/1690\/revisions"}],"predecessor-version":[{"id":1752,"href":"https:\/\/www.magdaarama.it\/it\/wp-json\/wp\/v2\/posts\/1690\/revisions\/1752"}],"wp:featuredmedia":[{"embeddable":true,"href":"https:\/\/www.magdaarama.it\/it\/wp-json\/wp\/v2\/media\/1692"}],"wp:attachment":[{"href":"https:\/\/www.magdaarama.it\/it\/wp-json\/wp\/v2\/media?parent=1690"}],"wp:term":[{"taxonomy":"category","embeddable":true,"href":"https:\/\/www.magdaarama.it\/it\/wp-json\/wp\/v2\/categories?post=1690"},{"taxonomy":"post_tag","embeddable":true,"href":"https:\/\/www.magdaarama.it\/it\/wp-json\/wp\/v2\/tags?post=1690"}],"curies":[{"name":"wp","href":"https:\/\/api.w.org\/{rel}","templated":true}]}}