{"id":1640,"date":"2025-07-18T20:50:14","date_gmt":"2025-07-18T20:50:14","guid":{"rendered":"https:\/\/www.magdaarama.it\/?p=1640"},"modified":"2025-09-18T22:51:34","modified_gmt":"2025-09-18T22:51:34","slug":"access-energetic-facelift","status":"publish","type":"post","link":"https:\/\/www.magdaarama.it\/it\/access-energetic-facelift\/","title":{"rendered":"Access Energetic Facelift\u2122 \u2013 tratament energetic facial natural de \u00eentinerire \u0219i regenerare"},"content":{"rendered":"<h3 class=\"wp-block-heading\">Access Energetic Facelift\u2122 este un tratament energetic facial natural de \u00eentinerire care sus\u021bine frumuse\u021bea corpului din interior spre exterior.<\/h3>\n\n\n\n<p class=\"wp-block-paragraph\">\u00centr-o lume \u00een care solu\u021biile de \u00eenfrumuse\u021bare sunt adesea invazive \u0219i concentrate doar pe exterior, Access Energetic Facelift\u2122 vine ca o alternativ\u0103 bl\u00e2nd\u0103, profund\u0103 \u0219i natural\u0103. Este un proces energetic care nu doar contribuie la \u00eembun\u0103t\u0103\u021birea aspectului pielii, ci activeaz\u0103 mecanismele de regenerare ale corpului, eliber\u00e2nd blocaje \u0219i programe subcon\u0219tiente legate de \u00eemb\u0103tr\u00e2nire \u0219i auto-judecat\u0103.<\/p>\n\n\n\n<h3 class=\"wp-block-heading\">Ce este Access Energetic Facelift\u2122?<\/h3>\n\n\n\n<p class=\"wp-block-paragraph\">Este o metod\u0103 creat\u0103 \u00een cadrul sistemului <a href=\"https:\/\/www.accessconsciousness.com\/en\/micrositesfolder\/access-energetic-facelift\/?srsltid=AfmBOopFmk_h63uTPhNstVzAXUMAkr1PyqvdD9XBka-wjxMoQeYr112o\">Access Consciousness<\/a>\u2122, care se aplic\u0103 printr-un <strong>tip de contact bl\u00e2nd cu m\u00e2inile pe fa\u021b\u0103, g\u00e2t \u0219i decolteu<\/strong>. \u00cen timpul sesiunii, sunt activate peste 50 de energii menite s\u0103 aduc\u0103 armonie, u\u0219urin\u021b\u0103 \u0219i vitalitate \u00een corp.<\/p>\n\n\n\n<p class=\"wp-block-paragraph\">Acest proces energetic elibereaz\u0103 din celule tot ceea ce a fost stocat \u00een timp sub forma unor convingeri, r\u0103ni emo\u021bonale sau fizice, puncte de vedere despre corp, v\u00e2rst\u0103, \u00eemb\u0103tr\u00e2nire sau estetic\u0103. Este un tratament holistic care ac\u021bioneaz\u0103 nu doar asupra fe\u021bei, ci asupra \u00eentregului corp \u0219i sistem nervos.<\/p>\n\n\n\n<h3 class=\"wp-block-heading\">Beneficii posibile:<\/h3>\n\n\n\n<ul class=\"wp-block-list\">\n<li> Str\u0103lucire natural\u0103 \u0219i vitalitate vizibil\u0103 a pielii<\/li>\n\n\n\n<li> Netezirea liniilor fine \u0219i reducerea ridurilor de expresie<\/li>\n\n\n\n<li> \u00cembun\u0103t\u0103\u021birea mobilit\u0103\u021bii faciale \u0219i a tonusului muscular<\/li>\n\n\n\n<li> Relaxare profund\u0103 \u0219i somn odihnitor<\/li>\n\n\n\n<li> Echilibru hormonal \u0219i regenerare celular\u0103<\/li>\n\n\n\n<li> Reducerea stresului, eliberarea tensiunilor acumulate \u00een corp<\/li>\n\n\n\n<li> Ameliorarea ticurilor nervoase sau a efectelor paraliziei faciale<\/li>\n\n\n\n<li> \u00cembun\u0103t\u0103\u021birea dispozi\u021biei generale, a \u00eencrederii \u0219i a bucuriei de a tr\u0103i<\/li>\n<\/ul>\n\n\n\n<p class=\"wp-block-paragraph\">Mul\u021bi clien\u021bi observ\u0103 rezultate \u00eenc\u0103 de la prima sesiune. Cu fiecare tratament, corpul \u00eenva\u021b\u0103 s\u0103 sus\u021bin\u0103 \u0219i s\u0103 men\u021bin\u0103 schimb\u0103rile, iar dup\u0103 o serie complet\u0103 (15\u201320 de \u0219edin\u021be), efectele pot deveni stabile \u0219i de durat\u0103.<\/p>\n\n\n\n<hr class=\"wp-block-separator has-alpha-channel-opacity\"\/>\n\n\n\n<h3 class=\"wp-block-heading\">Cine poate beneficia?<\/h3>\n\n\n\n<p class=\"wp-block-paragraph\">Oricine \u00ee\u0219i dore\u0219te s\u0103 \u00ee\u0219i recapete prospe\u021bimea, energia \u0219i frumuse\u021bea natural\u0103 \u2013 indiferent de v\u00e2rst\u0103 sau gen.<br>Access Facelift este potrivit \u0219i pentru persoane care au trecut prin traumatisme, interven\u021bii, dezechilibre hormonale sau pur \u0219i simplu simt c\u0103 e timpul pentru mai mult\u0103 grij\u0103 \u0219i comuniune cu propriul corp.<\/p>\n\n\n\n<hr class=\"wp-block-separator has-alpha-channel-opacity\"\/>\n\n\n\n<h3 class=\"wp-block-heading\">Po\u021bi alege s\u0103 prime\u0219ti\u2026 sau s\u0103 \u0219i oferi!<\/h3>\n\n\n\n<ul class=\"wp-block-list\">\n<li>Dac\u0103 vrei s\u0103 te bucuri de beneficiile Access Facelift\u2122 pentru tine, po\u021bi opta pentru <strong>\u0219edin\u021be individuale<\/strong> sau <strong>serii personalizate de tratamente<\/strong>, \u00een func\u021bie de nevoile corpului t\u0103u.<\/li>\n<\/ul>\n\n\n\n<ul class=\"wp-block-list\">\n<li>Dac\u0103 sim\u021bi c\u0103 vrei s\u0103 duci mai departe aceast\u0103 contribu\u021bie minunat\u0103, te po\u021bi \u00eenscrie la <strong>cursul de formare de o zi<\/strong>.<br>Cursul este deschis tuturor \u2013 nu sunt necesare cuno\u0219tin\u021be anterioare. Dup\u0103 finalizarea lui, vei primi <strong>certificare interna\u021bional\u0103<\/strong> \u0219i vei putea oferi acest tratament celor dragi sau \u00een cadrul propriei activit\u0103\u021bi terapeutice.<\/li>\n<\/ul>\n\n\n\n<hr class=\"wp-block-separator has-alpha-channel-opacity\"\/>\n\n\n\n<h3 class=\"wp-block-heading\">C\u00e2nd \u0219i unde?<\/h3>\n\n\n\n<p class=\"wp-block-paragraph\">Sesiunile au loc \u00een cabinetul meu de tratamente naturale \u0219i naturopatie din Roman. La fel si cursurile la Roman.<br>\ud83d\udccdDoresti sa aduci aceasta metoda, Access Energetic Facelift, in orasul tau? Contacteaza-ma si organizam impreuna cursuri in orice zona din Romania si Italia.<\/p>\n\n\n\n<p class=\"wp-block-paragraph\"><\/p>\n\n\n\n<hr class=\"wp-block-separator has-alpha-channel-opacity\"\/>\n\n\n\n<h3 class=\"wp-block-heading\">E\u0219ti preg\u0103tit(\u0103) s\u0103 \u00ee\u021bi onorezi corpul \u0219i s\u0103 te la\u0219i surprins(\u0103) de ce este cu adev\u0103rat posibil?<\/h3>\n\n\n\n<p class=\"wp-block-paragraph\"><strong>Access Energetic Facelift\u2122<\/strong> este mult mai mult dec\u00e2t un \u201cfacelift energetic\u201d \u2013 este o invita\u021bie la prezen\u021b\u0103, bl\u00e2nde\u021be, schimbare.<br><strong>Te a\u0219tept cu bucurie!<\/strong><\/p>\n\n\n\n<p class=\"wp-block-paragraph\"><\/p>\n\n\n\n<figure class=\"wp-block-embed is-type-video is-provider-youtube wp-block-embed-youtube wp-embed-aspect-16-9 wp-has-aspect-ratio\"><div class=\"wp-block-embed__wrapper\">\n<div class=\"nv-iframe-embed\"><iframe loading=\"lazy\" title=\"Access Consciousness - The Energetic Facelift\" width=\"1200\" height=\"675\" src=\"https:\/\/www.youtube.com\/embed\/tnMjn4K6dvI?feature=oembed\" frameborder=\"0\" allow=\"accelerometer; autoplay; clipboard-write; encrypted-media; gyroscope; picture-in-picture; web-share\" referrerpolicy=\"strict-origin-when-cross-origin\" allowfullscreen><\/iframe><\/div>\n<\/div><\/figure>\n\n\n\n<p class=\"wp-block-paragraph\"><\/p>\n\n\n\n<p class=\"wp-block-paragraph\"><\/p>\n\n\n\n<h2 class=\"wp-block-heading\">\u2753 \u00centreb\u0103ri frecvente (FAQ)<\/h2>\n\n\n\n<p class=\"wp-block-paragraph\"><strong>1. C\u00e2te \u0219edin\u021be sunt recomandate pentru rezultate vizibile?<\/strong><br>De cele mai multe ori, efectele se simt chiar dup\u0103 prima sesiune. Totu\u0219i, pentru rezultate mai stabile \u0219i de durat\u0103, este recomandat\u0103 o serie de 10\u201320 de \u0219edin\u021be, \u00een func\u021bie de nevoile fiec\u0103rui corp.<\/p>\n\n\n\n<p class=\"wp-block-paragraph\"><strong>2. Este Access Energetic Facelift\u2122 un substitut pentru tratamentele medicale?<\/strong><br>Nu. Este un proces complementar, non-invaziv, care sprijin\u0103 regenerarea natural\u0103 \u0219i bun\u0103starea fizic\u0103, emo\u021bional\u0103 \u0219i energetic\u0103. Nu \u00eenlocuie\u0219te un diagnostic sau tratament medical.<\/p>\n\n\n\n<p class=\"wp-block-paragraph\"><strong>3. Exist\u0103 contraindica\u021bii?<\/strong><br>Nu exist\u0103 contraindica\u021bii cunoscute. Procesul este bl\u00e2nd, non-invaziv \u0219i poate fi aplicat chiar \u0219i \u00een perioade sensibile (post-operatorii, \u00een timpul sarcinii etc.). Dac\u0103 ai o afec\u021biune specific\u0103, discut\u0103m \u00eempreun\u0103 cum s\u0103 adapt\u0103m tratamentul.<\/p>\n\n\n\n<p class=\"wp-block-paragraph\"><strong>4. Ce voi sim\u021bi \u00een timpul unei \u0219edin\u021be?<\/strong><br>Majoritatea oamenilor intr\u0103 \u00eentr-o stare profund\u0103 de relaxare. Unii pot adormi, al\u021bii pot sim\u021bi furnic\u0103turi, c\u0103ldur\u0103, u\u0219urare emo\u021bional\u0103 sau chiar o senza\u021bie de &#8222;u\u0219urare energetic\u0103&#8221;. Fiecare corp prime\u0219te \u00een mod diferit.<\/p>\n\n\n\n<p class=\"wp-block-paragraph\"><strong>5. Cursul este potrivit \u0219i pentru cine nu are experien\u021b\u0103 \u00een domeniul terapiilor?<\/strong><br>Absolut! Cursul de Access Facelift\u2122 este deschis tuturor. \u00cenve\u021bi tot ce ai nevoie \u00eentr-o singur\u0103 zi, iar la final vei primi certificarea interna\u021bional\u0103 pentru a practica acest proces minunat.<\/p>\n\n\n\n<p class=\"wp-block-paragraph\"><\/p>\n\n\n\n<hr class=\"wp-block-separator has-alpha-channel-opacity\"\/>\n\n\n\n<h2 class=\"wp-block-heading\">\ud83d\udcac M\u0103rturii ale clien\u021bilor<\/h2>\n\n\n\n<p class=\"wp-block-paragraph\"><strong>\ud83c\udf1f Elena, 52 ani:<\/strong><br>\u201eDup\u0103 doar 3 \u0219edin\u021be, am observat cum pielea mea arat\u0103 mai luminoas\u0103 \u0219i odihnit\u0103, iar cearc\u0103nele s-au diminuat. Dar cel mai important, m\u0103 simt mai bine \u00een pielea mea, mai prezent\u0103, mai \u00eencrez\u0103toare.\u201d<\/p>\n\n\n\n<p class=\"wp-block-paragraph\"><strong>\ud83c\udf1f Irina, 35 ani:<\/strong><br>\u201eAm venit pentru partea estetic\u0103, dar am descoperit ceva mult mai valoros: o relaxare profund\u0103 a sistemului nervos \u0219i un somn cum nu mai avusesem de ani. E un tratament care face bine pe toate nivelurile.\u201d<\/p>\n\n\n\n<p class=\"wp-block-paragraph\"><strong>\ud83c\udf1f Doamna Maria, 66 ani:<\/strong><br>\u201eMi s-au atenuat ridurile ad\u00e2nci \u0219i pielea e mai ferm\u0103, dar ce m-a impresionat cel mai mult a fost sentimentul de bucurie \u0219i vitalitate dup\u0103 fiecare \u0219edin\u021b\u0103. Nu credeam c\u0103 mai pot sim\u021bi a\u0219a ceva la v\u00e2rsta mea!\u201d<\/p>\n\n\n\n<hr class=\"wp-block-separator has-alpha-channel-opacity\"\/>\n\n\n\n<p class=\"wp-block-paragraph\"><\/p>\n\n\n\n<p class=\"wp-block-paragraph\"><\/p>\n\n\n\n<h2 class=\"wp-block-heading\"><strong><mark style=\"background-color:rgba(0, 0, 0, 0)\" class=\"has-inline-color has-neve-text-color-color\">\ud835\udc34\ud835\udc5f\ud835\udc5a\ud835\udc5c\ud835\udc5b\ud835\udc56\ud835\udc4e \ud835\udc56\ud835\udc5b\ud835\udc61\ud835\udc52\ud835\udc5f\ud835\udc56\ud835\udc5c\ud835\udc4e\ud835\udc5f\ud835\udc4e \ud835\udc54\ud835\udc52\ud835\udc5b\ud835\udc52\ud835\udc5f\ud835\udc52\ud835\udc4e\ud835\udc67\ud835\udc4e \ud835\udc4e\ud835\udc5f\ud835\udc5a\ud835\udc5c\ud835\udc5b\ud835\udc56\ud835\udc4e \ud835\udc52\ud835\udc65\ud835\udc61\ud835\udc52\ud835\udc5f\ud835\udc56\ud835\udc5c\ud835\udc4e\ud835\udc5f\ud835\udc4e<\/mark><\/strong><\/h2>\n\n\n\n<h2 class=\"wp-block-heading\"><strong>Magda Elena Arama<\/strong><\/h2>\n\n\n\n<h5 class=\"wp-block-heading\"><br>Naturopat \u2013 abordare bioenergetic\u0103, Reflexoterapie plantar\u0103<br>Facilitator Access Bars\u2122 \u0219i Access Energetic Facelift\u2122<\/h5>\n\n\n\n<p class=\"wp-block-paragraph\"><\/p>\n\n\n\n<p class=\"wp-block-paragraph\"><\/p>","protected":false},"excerpt":{"rendered":"<p>\u0218i dac\u0103 v\u00e2rsta este doar o alegere? Access Energetic Facelift\u2122<\/p>","protected":false},"author":1,"featured_media":1641,"comment_status":"closed","ping_status":"open","sticky":false,"template":"","format":"standard","meta":{"_uag_custom_page_level_css":"","advgb_blocks_editor_width":"","advgb_blocks_columns_visual_guide":"","neve_meta_sidebar":"","neve_meta_container":"","neve_meta_enable_content_width":"","neve_meta_content_width":0,"neve_meta_title_alignment":"","neve_meta_author_avatar":"","neve_post_elements_order":"","neve_meta_disable_header":"","neve_meta_disable_footer":"","neve_meta_disable_title":"","footnotes":""},"categories":[18],"tags":[],"class_list":["post-1640","post","type-post","status-publish","format-standard","has-post-thumbnail","hentry","category-blog"],"yoast_head":"<!-- This site is optimized with the Yoast SEO plugin v28.3 - https:\/\/yoast.com\/product\/yoast-seo-wordpress\/ -->\n<title>Access Energetic Facelift\u2122 \u2013 tratament energetic facial natural de \u00eentinerire \u0219i regenerare - Magda E. Arama - Naturopat\u0103<\/title>\n<meta name=\"description\" content=\"Descoper\u0103 Access Energetic Facelift\u2122, un tratament natural care neteze\u0219te ridurile, regenereaz\u0103 pielea \u0219i relaxeaz\u0103 profund \u00eentregul corp.\" \/>\n<meta name=\"robots\" content=\"index, follow, max-snippet:-1, max-image-preview:large, max-video-preview:-1\" \/>\n<link rel=\"canonical\" href=\"https:\/\/www.magdaarama.it\/it\/access-energetic-facelift\/\" \/>\n<meta property=\"og:locale\" content=\"it_IT\" \/>\n<meta property=\"og:type\" content=\"article\" \/>\n<meta property=\"og:title\" content=\"Access Energetic Facelift\u2122 \u2013 tratament energetic facial natural de \u00eentinerire \u0219i regenerare - Magda E. Arama - Naturopat\u0103\" \/>\n<meta property=\"og:description\" content=\"Descoper\u0103 Access Energetic Facelift\u2122, un tratament natural care neteze\u0219te ridurile, regenereaz\u0103 pielea \u0219i relaxeaz\u0103 profund \u00eentregul corp.\" \/>\n<meta property=\"og:url\" content=\"https:\/\/www.magdaarama.it\/it\/access-energetic-facelift\/\" \/>\n<meta property=\"og:site_name\" content=\"Magda E. Arama - Naturopat\u0103\" \/>\n<meta property=\"article:publisher\" content=\"https:\/\/www.facebook.com\/MagdaAramaNaturopatia\/\" \/>\n<meta property=\"article:author\" content=\"https:\/\/www.facebook.com\/MagdaAramaNaturopatia\/\" \/>\n<meta property=\"article:published_time\" content=\"2025-07-18T20:50:14+00:00\" \/>\n<meta property=\"article:modified_time\" content=\"2025-09-18T22:51:34+00:00\" \/>\n<meta property=\"og:image\" content=\"https:\/\/www.magdaarama.it\/wp-content\/uploads\/2025\/07\/Facelift.png\" \/>\n\t<meta property=\"og:image:width\" content=\"940\" \/>\n\t<meta property=\"og:image:height\" content=\"788\" \/>\n\t<meta property=\"og:image:type\" content=\"image\/png\" \/>\n<meta name=\"author\" content=\"wp_15293167\" \/>\n<meta name=\"twitter:card\" content=\"summary_large_image\" \/>\n<meta name=\"twitter:label1\" content=\"Scritto da\" \/>\n\t<meta name=\"twitter:data1\" content=\"wp_15293167\" \/>\n\t<meta name=\"twitter:label2\" content=\"Tempo di lettura stimato\" \/>\n\t<meta name=\"twitter:data2\" content=\"5 minuti\" \/>\n<script type=\"application\/ld+json\" class=\"yoast-schema-graph\">{\"@context\":\"https:\\\/\\\/schema.org\",\"@graph\":[{\"@type\":\"Article\",\"@id\":\"https:\\\/\\\/www.magdaarama.it\\\/access-energetic-facelift\\\/#article\",\"isPartOf\":{\"@id\":\"https:\\\/\\\/www.magdaarama.it\\\/access-energetic-facelift\\\/\"},\"author\":{\"name\":\"wp_15293167\",\"@id\":\"https:\\\/\\\/www.magdaarama.it\\\/#\\\/schema\\\/person\\\/92a8160f1564c0eb2f6af688f3ee5a41\"},\"headline\":\"Access Energetic Facelift\u2122 \u2013 tratament energetic facial natural de \u00eentinerire \u0219i regenerare\",\"datePublished\":\"2025-07-18T20:50:14+00:00\",\"dateModified\":\"2025-09-18T22:51:34+00:00\",\"mainEntityOfPage\":{\"@id\":\"https:\\\/\\\/www.magdaarama.it\\\/access-energetic-facelift\\\/\"},\"wordCount\":926,\"publisher\":{\"@id\":\"https:\\\/\\\/www.magdaarama.it\\\/#\\\/schema\\\/person\\\/92a8160f1564c0eb2f6af688f3ee5a41\"},\"image\":{\"@id\":\"https:\\\/\\\/www.magdaarama.it\\\/access-energetic-facelift\\\/#primaryimage\"},\"thumbnailUrl\":\"https:\\\/\\\/www.magdaarama.it\\\/wp-content\\\/uploads\\\/2025\\\/07\\\/Facelift.png\",\"articleSection\":[\"blog\"],\"inLanguage\":\"it-IT\"},{\"@type\":\"WebPage\",\"@id\":\"https:\\\/\\\/www.magdaarama.it\\\/access-energetic-facelift\\\/\",\"url\":\"https:\\\/\\\/www.magdaarama.it\\\/access-energetic-facelift\\\/\",\"name\":\"Access Energetic Facelift\u2122 \u2013 tratament energetic facial natural de \u00eentinerire \u0219i regenerare - Magda E. Arama - Naturopat\u0103\",\"isPartOf\":{\"@id\":\"https:\\\/\\\/www.magdaarama.it\\\/#website\"},\"primaryImageOfPage\":{\"@id\":\"https:\\\/\\\/www.magdaarama.it\\\/access-energetic-facelift\\\/#primaryimage\"},\"image\":{\"@id\":\"https:\\\/\\\/www.magdaarama.it\\\/access-energetic-facelift\\\/#primaryimage\"},\"thumbnailUrl\":\"https:\\\/\\\/www.magdaarama.it\\\/wp-content\\\/uploads\\\/2025\\\/07\\\/Facelift.png\",\"datePublished\":\"2025-07-18T20:50:14+00:00\",\"dateModified\":\"2025-09-18T22:51:34+00:00\",\"description\":\"Descoper\u0103 Access Energetic Facelift\u2122, un tratament natural care neteze\u0219te ridurile, regenereaz\u0103 pielea \u0219i relaxeaz\u0103 profund \u00eentregul corp.\",\"breadcrumb\":{\"@id\":\"https:\\\/\\\/www.magdaarama.it\\\/access-energetic-facelift\\\/#breadcrumb\"},\"inLanguage\":\"it-IT\",\"potentialAction\":[{\"@type\":\"ReadAction\",\"target\":[\"https:\\\/\\\/www.magdaarama.it\\\/access-energetic-facelift\\\/\"]}]},{\"@type\":\"ImageObject\",\"inLanguage\":\"it-IT\",\"@id\":\"https:\\\/\\\/www.magdaarama.it\\\/access-energetic-facelift\\\/#primaryimage\",\"url\":\"https:\\\/\\\/www.magdaarama.it\\\/wp-content\\\/uploads\\\/2025\\\/07\\\/Facelift.png\",\"contentUrl\":\"https:\\\/\\\/www.magdaarama.it\\\/wp-content\\\/uploads\\\/2025\\\/07\\\/Facelift.png\",\"width\":940,\"height\":788},{\"@type\":\"BreadcrumbList\",\"@id\":\"https:\\\/\\\/www.magdaarama.it\\\/access-energetic-facelift\\\/#breadcrumb\",\"itemListElement\":[{\"@type\":\"ListItem\",\"position\":1,\"name\":\"Home\",\"item\":\"https:\\\/\\\/www.magdaarama.it\\\/\"},{\"@type\":\"ListItem\",\"position\":2,\"name\":\"Access Energetic Facelift\u2122 \u2013 tratament energetic facial natural de \u00eentinerire \u0219i regenerare\"}]},{\"@type\":\"WebSite\",\"@id\":\"https:\\\/\\\/www.magdaarama.it\\\/#website\",\"url\":\"https:\\\/\\\/www.magdaarama.it\\\/\",\"name\":\"Magda E. Arama - Naturopat\u0103\",\"description\":\"\",\"publisher\":{\"@id\":\"https:\\\/\\\/www.magdaarama.it\\\/#\\\/schema\\\/person\\\/92a8160f1564c0eb2f6af688f3ee5a41\"},\"potentialAction\":[{\"@type\":\"SearchAction\",\"target\":{\"@type\":\"EntryPoint\",\"urlTemplate\":\"https:\\\/\\\/www.magdaarama.it\\\/?s={search_term_string}\"},\"query-input\":{\"@type\":\"PropertyValueSpecification\",\"valueRequired\":true,\"valueName\":\"search_term_string\"}}],\"inLanguage\":\"it-IT\"},{\"@type\":[\"Person\",\"Organization\"],\"@id\":\"https:\\\/\\\/www.magdaarama.it\\\/#\\\/schema\\\/person\\\/92a8160f1564c0eb2f6af688f3ee5a41\",\"name\":\"wp_15293167\",\"image\":{\"@type\":\"ImageObject\",\"inLanguage\":\"it-IT\",\"@id\":\"https:\\\/\\\/www.magdaarama.it\\\/wp-content\\\/uploads\\\/2022\\\/11\\\/magda_arama_2021.png\",\"url\":\"https:\\\/\\\/www.magdaarama.it\\\/wp-content\\\/uploads\\\/2022\\\/11\\\/magda_arama_2021.png\",\"contentUrl\":\"https:\\\/\\\/www.magdaarama.it\\\/wp-content\\\/uploads\\\/2022\\\/11\\\/magda_arama_2021.png\",\"width\":928,\"height\":929,\"caption\":\"wp_15293167\"},\"logo\":{\"@id\":\"https:\\\/\\\/www.magdaarama.it\\\/wp-content\\\/uploads\\\/2022\\\/11\\\/magda_arama_2021.png\"},\"sameAs\":[\"https:\\\/\\\/www.magdaarama.it\",\"https:\\\/\\\/www.facebook.com\\\/MagdaAramaNaturopatia\\\/\",\"https:\\\/\\\/www.instagram.com\\\/magda_arama\",\"https:\\\/\\\/www.youtube.com\\\/@MagdaArama\"],\"url\":\"https:\\\/\\\/www.magdaarama.it\\\/it\\\/author\\\/wp_15293167\\\/\"}]}<\/script>\n<!-- \/ Yoast SEO plugin. -->","yoast_head_json":{"title":"Access Energetic Facelift\u2122 \u2013 tratament energetic facial natural de \u00eentinerire \u0219i regenerare - Magda E. Arama - Naturopat\u0103","description":"Descoper\u0103 Access Energetic Facelift\u2122, un tratament natural care neteze\u0219te ridurile, regenereaz\u0103 pielea \u0219i relaxeaz\u0103 profund \u00eentregul corp.","robots":{"index":"index","follow":"follow","max-snippet":"max-snippet:-1","max-image-preview":"max-image-preview:large","max-video-preview":"max-video-preview:-1"},"canonical":"https:\/\/www.magdaarama.it\/it\/access-energetic-facelift\/","og_locale":"it_IT","og_type":"article","og_title":"Access Energetic Facelift\u2122 \u2013 tratament energetic facial natural de \u00eentinerire \u0219i regenerare - Magda E. Arama - Naturopat\u0103","og_description":"Descoper\u0103 Access Energetic Facelift\u2122, un tratament natural care neteze\u0219te ridurile, regenereaz\u0103 pielea \u0219i relaxeaz\u0103 profund \u00eentregul corp.","og_url":"https:\/\/www.magdaarama.it\/it\/access-energetic-facelift\/","og_site_name":"Magda E. Arama - Naturopat\u0103","article_publisher":"https:\/\/www.facebook.com\/MagdaAramaNaturopatia\/","article_author":"https:\/\/www.facebook.com\/MagdaAramaNaturopatia\/","article_published_time":"2025-07-18T20:50:14+00:00","article_modified_time":"2025-09-18T22:51:34+00:00","og_image":[{"width":940,"height":788,"url":"https:\/\/www.magdaarama.it\/wp-content\/uploads\/2025\/07\/Facelift.png","type":"image\/png"}],"author":"wp_15293167","twitter_card":"summary_large_image","twitter_misc":{"Scritto da":"wp_15293167","Tempo di lettura stimato":"5 minuti"},"schema":{"@context":"https:\/\/schema.org","@graph":[{"@type":"Article","@id":"https:\/\/www.magdaarama.it\/access-energetic-facelift\/#article","isPartOf":{"@id":"https:\/\/www.magdaarama.it\/access-energetic-facelift\/"},"author":{"name":"wp_15293167","@id":"https:\/\/www.magdaarama.it\/#\/schema\/person\/92a8160f1564c0eb2f6af688f3ee5a41"},"headline":"Access Energetic Facelift\u2122 \u2013 tratament energetic facial natural de \u00eentinerire \u0219i regenerare","datePublished":"2025-07-18T20:50:14+00:00","dateModified":"2025-09-18T22:51:34+00:00","mainEntityOfPage":{"@id":"https:\/\/www.magdaarama.it\/access-energetic-facelift\/"},"wordCount":926,"publisher":{"@id":"https:\/\/www.magdaarama.it\/#\/schema\/person\/92a8160f1564c0eb2f6af688f3ee5a41"},"image":{"@id":"https:\/\/www.magdaarama.it\/access-energetic-facelift\/#primaryimage"},"thumbnailUrl":"https:\/\/www.magdaarama.it\/wp-content\/uploads\/2025\/07\/Facelift.png","articleSection":["blog"],"inLanguage":"it-IT"},{"@type":"WebPage","@id":"https:\/\/www.magdaarama.it\/access-energetic-facelift\/","url":"https:\/\/www.magdaarama.it\/access-energetic-facelift\/","name":"Access Energetic Facelift\u2122 \u2013 tratament energetic facial natural de \u00eentinerire \u0219i regenerare - Magda E. Arama - Naturopat\u0103","isPartOf":{"@id":"https:\/\/www.magdaarama.it\/#website"},"primaryImageOfPage":{"@id":"https:\/\/www.magdaarama.it\/access-energetic-facelift\/#primaryimage"},"image":{"@id":"https:\/\/www.magdaarama.it\/access-energetic-facelift\/#primaryimage"},"thumbnailUrl":"https:\/\/www.magdaarama.it\/wp-content\/uploads\/2025\/07\/Facelift.png","datePublished":"2025-07-18T20:50:14+00:00","dateModified":"2025-09-18T22:51:34+00:00","description":"Descoper\u0103 Access Energetic Facelift\u2122, un tratament natural care neteze\u0219te ridurile, regenereaz\u0103 pielea \u0219i relaxeaz\u0103 profund \u00eentregul corp.","breadcrumb":{"@id":"https:\/\/www.magdaarama.it\/access-energetic-facelift\/#breadcrumb"},"inLanguage":"it-IT","potentialAction":[{"@type":"ReadAction","target":["https:\/\/www.magdaarama.it\/access-energetic-facelift\/"]}]},{"@type":"ImageObject","inLanguage":"it-IT","@id":"https:\/\/www.magdaarama.it\/access-energetic-facelift\/#primaryimage","url":"https:\/\/www.magdaarama.it\/wp-content\/uploads\/2025\/07\/Facelift.png","contentUrl":"https:\/\/www.magdaarama.it\/wp-content\/uploads\/2025\/07\/Facelift.png","width":940,"height":788},{"@type":"BreadcrumbList","@id":"https:\/\/www.magdaarama.it\/access-energetic-facelift\/#breadcrumb","itemListElement":[{"@type":"ListItem","position":1,"name":"Home","item":"https:\/\/www.magdaarama.it\/"},{"@type":"ListItem","position":2,"name":"Access Energetic Facelift\u2122 \u2013 tratament energetic facial natural de \u00eentinerire \u0219i regenerare"}]},{"@type":"WebSite","@id":"https:\/\/www.magdaarama.it\/#website","url":"https:\/\/www.magdaarama.it\/","name":"Magda E. Arama - Naturopata","description":"","publisher":{"@id":"https:\/\/www.magdaarama.it\/#\/schema\/person\/92a8160f1564c0eb2f6af688f3ee5a41"},"potentialAction":[{"@type":"SearchAction","target":{"@type":"EntryPoint","urlTemplate":"https:\/\/www.magdaarama.it\/?s={search_term_string}"},"query-input":{"@type":"PropertyValueSpecification","valueRequired":true,"valueName":"search_term_string"}}],"inLanguage":"it-IT"},{"@type":["Person","Organization"],"@id":"https:\/\/www.magdaarama.it\/#\/schema\/person\/92a8160f1564c0eb2f6af688f3ee5a41","name":"wp_15293167","image":{"@type":"ImageObject","inLanguage":"it-IT","@id":"https:\/\/www.magdaarama.it\/wp-content\/uploads\/2022\/11\/magda_arama_2021.png","url":"https:\/\/www.magdaarama.it\/wp-content\/uploads\/2022\/11\/magda_arama_2021.png","contentUrl":"https:\/\/www.magdaarama.it\/wp-content\/uploads\/2022\/11\/magda_arama_2021.png","width":928,"height":929,"caption":"wp_15293167"},"logo":{"@id":"https:\/\/www.magdaarama.it\/wp-content\/uploads\/2022\/11\/magda_arama_2021.png"},"sameAs":["https:\/\/www.magdaarama.it","https:\/\/www.facebook.com\/MagdaAramaNaturopatia\/","https:\/\/www.instagram.com\/magda_arama","https:\/\/www.youtube.com\/@MagdaArama"],"url":"https:\/\/www.magdaarama.it\/it\/author\/wp_15293167\/"}]}},"author_meta":{"display_name":"wp_15293167","author_link":"https:\/\/www.magdaarama.it\/it\/author\/wp_15293167\/"},"featured_img":"https:\/\/www.magdaarama.it\/wp-content\/uploads\/2025\/07\/Facelift-300x251.png","uagb_featured_image_src":{"full":["https:\/\/www.magdaarama.it\/wp-content\/uploads\/2025\/07\/Facelift.png",940,788,false],"thumbnail":["https:\/\/www.magdaarama.it\/wp-content\/uploads\/2025\/07\/Facelift-150x150.png",150,150,true],"medium":["https:\/\/www.magdaarama.it\/wp-content\/uploads\/2025\/07\/Facelift-300x251.png",300,251,true],"medium_large":["https:\/\/www.magdaarama.it\/wp-content\/uploads\/2025\/07\/Facelift-768x644.png",768,644,true],"large":["https:\/\/www.magdaarama.it\/wp-content\/uploads\/2025\/07\/Facelift.png",940,788,false],"1536x1536":["https:\/\/www.magdaarama.it\/wp-content\/uploads\/2025\/07\/Facelift.png",940,788,false],"2048x2048":["https:\/\/www.magdaarama.it\/wp-content\/uploads\/2025\/07\/Facelift.png",940,788,false],"trp-custom-language-flag":["https:\/\/www.magdaarama.it\/wp-content\/uploads\/2025\/07\/Facelift-14x12.png",14,12,true],"neve-blog":["https:\/\/www.magdaarama.it\/wp-content\/uploads\/2025\/07\/Facelift-930x620.png",930,620,true]},"uagb_author_info":{"display_name":"wp_15293167","author_link":"https:\/\/www.magdaarama.it\/it\/author\/wp_15293167\/"},"uagb_comment_info":0,"uagb_excerpt":"\u0218i dac\u0103 v\u00e2rsta este doar o alegere? Access Energetic Facelift\u2122","coauthors":[],"tax_additional":{"categories":{"linked":["<a href=\"https:\/\/www.magdaarama.it\/it\/category\/blog\/\" class=\"advgb-post-tax-term\">blog<\/a>"],"unlinked":["<span class=\"advgb-post-tax-term\">blog<\/span>"]}},"comment_count":"0","relative_dates":{"created":"Pubblicato 1 anno fa","modified":"Aggiornato 12 mesi fa"},"absolute_dates":{"created":"Pubblicato il 18 Luglio 2025","modified":"Aggiornato il 18 Settembre 2025"},"absolute_dates_time":{"created":"Pubblicato il 18 Luglio 2025 20:50","modified":"Aggiornato il 18 Settembre 2025 22:51"},"featured_img_caption":"","series_order":"","_links":{"self":[{"href":"https:\/\/www.magdaarama.it\/it\/wp-json\/wp\/v2\/posts\/1640","targetHints":{"allow":["GET"]}}],"collection":[{"href":"https:\/\/www.magdaarama.it\/it\/wp-json\/wp\/v2\/posts"}],"about":[{"href":"https:\/\/www.magdaarama.it\/it\/wp-json\/wp\/v2\/types\/post"}],"author":[{"embeddable":true,"href":"https:\/\/www.magdaarama.it\/it\/wp-json\/wp\/v2\/users\/1"}],"replies":[{"embeddable":true,"href":"https:\/\/www.magdaarama.it\/it\/wp-json\/wp\/v2\/comments?post=1640"}],"version-history":[{"count":11,"href":"https:\/\/www.magdaarama.it\/it\/wp-json\/wp\/v2\/posts\/1640\/revisions"}],"predecessor-version":[{"id":1759,"href":"https:\/\/www.magdaarama.it\/it\/wp-json\/wp\/v2\/posts\/1640\/revisions\/1759"}],"wp:featuredmedia":[{"embeddable":true,"href":"https:\/\/www.magdaarama.it\/it\/wp-json\/wp\/v2\/media\/1641"}],"wp:attachment":[{"href":"https:\/\/www.magdaarama.it\/it\/wp-json\/wp\/v2\/media?parent=1640"}],"wp:term":[{"taxonomy":"category","embeddable":true,"href":"https:\/\/www.magdaarama.it\/it\/wp-json\/wp\/v2\/categories?post=1640"},{"taxonomy":"post_tag","embeddable":true,"href":"https:\/\/www.magdaarama.it\/it\/wp-json\/wp\/v2\/tags?post=1640"}],"curies":[{"name":"wp","href":"https:\/\/api.w.org\/{rel}","templated":true}]}}