{"id":1569,"date":"2025-07-01T10:29:46","date_gmt":"2025-07-01T10:29:46","guid":{"rendered":"https:\/\/www.magdaarama.it\/?p=1569"},"modified":"2025-07-01T21:57:40","modified_gmt":"2025-07-01T21:57:40","slug":"traieste-in-armonie-cu-ajutorul-reflexoterapiei","status":"publish","type":"post","link":"https:\/\/www.magdaarama.it\/it\/traieste-in-armonie-cu-ajutorul-reflexoterapiei\/","title":{"rendered":"Tr\u0103ie\u0219te \u00een armonie cu ajutorul reflexoterapiei"},"content":{"rendered":"<div class=\"wp-block-uagb-advanced-heading uagb-block-f1bde093\"><h2 class=\"uagb-heading-text\">Experien\u021ba Personal\u0103 si Reflectii Asupra Vindecarii Holistice<\/h2><\/div>\n\n\n\n<p class=\"wp-block-paragraph\"><\/p>\n\n\n\n<p class=\"wp-block-paragraph\">A privi boala \u00eentr-un mod holistic, lu\u00e2nd-o \u00een considerare nu doar din punct de vedere fizic, ci \u0219i mental, emo\u021bional \u0219i spiritual, ne ofer\u0103 \u0219anse mai mari de a reg\u0103si echilibrul pierdut \u0219i armonia interioar\u0103 \u0219i, odat\u0103 cu acestea, starea de bine. Dac\u0103 \u00eencet\u0103m s\u0103 consider\u0103m simptomele fizice doar ca pe ni\u0219te nepl\u0103ceri de eliminat \u0219i, cu r\u0103bdare, ne \u00eentreb\u0103m despre sensul disconfortului, am putea fi surprin\u0219i s\u0103 descoperim c\u00e2t de des corpul semnaleaz\u0103 probleme de alt\u0103 natur\u0103 (non-fizice) care cer aten\u021bia noastr\u0103. \u00cen acest sens, boala indic\u0103 un dezechilibru pe care avem posibilitatea s\u0103-l corect\u0103m, \u00een beneficiul nu doar al st\u0103rii noastre de bine, ci \u0219i al fericirii noastre cu implica\u021bii importante \u0219i in jurul nostru.<\/p>\n\n\n\n<p class=\"wp-block-paragraph\">A fi s\u0103n\u0103tos este starea noastr\u0103 natural\u0103: dac\u0103 acest lucru nu se \u00eent\u00e2mpl\u0103, este esen\u021bial s\u0103 c\u0103ut\u0103m cauzele. Poate chiar mintea noastr\u0103 este cea care nu dore\u0219te un corp s\u0103n\u0103tos \u0219i, uneori, are motive bine \u00eentemeiate pentru a respinge s\u0103n\u0103tatea. Este important s\u0103 nu banaliz\u0103m aceste motive, pentru c\u0103 am putea descoperi c\u0103 ele au o func\u021bie precis\u0103, iar minimalizarea lor nu ne va ajuta s\u0103 le identific\u0103m.<\/p>\n\n\n\n<p class=\"wp-block-paragraph\">Dr. John Schindler sublinia, \u00een faimoasa sa carte <em>Cum s\u0103 tr\u0103ie\u0219ti 365 de zile pe an<\/em> (Bompiani, 1975), c\u0103 <strong>\u201ecele \u0219ase nevoi fundamentale ale fiec\u0103rei persoane sunt:<\/strong><\/p>\n\n\n\n<ol class=\"wp-block-list\">\n<li>Nevoia de iubire<\/li>\n\n\n\n<li>Nevoia de siguran\u021b\u0103<\/li>\n\n\n\n<li>Nevoia de exprimare creativ\u0103<\/li>\n\n\n\n<li>Nevoia de recunoastere<\/li>\n\n\n\n<li>Nevoia de noi experien\u021be<\/li>\n\n\n\n<li>Nevoia de respect de sine.\u201d<\/li>\n<\/ol>\n\n\n\n<p class=\"wp-block-paragraph\">La acestea, <strong>Dr. Maxwell Maltz<\/strong> adaug\u0103 \u00een <em>Psihocibernetica <\/em>(1960) o alt\u0103 nevoie esen\u021bial\u0103: <strong>\u201enevoia de mai mult\u0103 Via\u021b\u0103 \u2013 nevoia de a a\u0219tepta cu entuziasm ziua de m\u00e2ine \u0219i viitorul, anticip\u00e2nd fericirea.\u201d<\/strong><\/p>\n\n\n\n<p class=\"wp-block-paragraph\"><\/p>\n\n\n\n<div class=\"wp-block-uagb-advanced-heading uagb-block-37b7a1aa\"><h2 class=\"uagb-heading-text\"><strong>Vindecarea holistic\u0103: experien\u021b\u0103 personale \u0219i perspective din Medicina Tradi\u021bional\u0103 Chinez\u0103<\/strong><\/h2><\/div>\n\n\n\n<p class=\"wp-block-paragraph\">Boala nu este doar un dezechilibru fizic, ci adesea un semnal al unei suferin\u021be mai profunde \u2013 mentale, emo\u021bionale sau spirituale. Dac\u0103 \u00een loc s\u0103 privim simptomele ca pe ni\u0219te simple nepl\u0103ceri de eliminat, ne-am \u00eentreba cu r\u0103bdare ce vor s\u0103 ne comunice, am descoperi c\u0103 ele reflect\u0103 adesea nevoi ne\u00eemplinite sau conflicte interioare care ne afecteaz\u0103 s\u0103n\u0103tatea \u0219i fericirea.<\/p>\n\n\n\n<p class=\"wp-block-paragraph\"><\/p>\n\n\n\n<div class=\"wp-block-uagb-advanced-heading uagb-block-4cfb30cb\"><h2 class=\"uagb-heading-text\"><strong>Pornind de la aceste idei, \u00eemp\u0103rt\u0103\u0219esc o parte din experien\u021ba mea personal\u0103. <\/strong><\/h2><\/div>\n\n\n\n<p class=\"wp-block-paragraph\"><\/p>\n\n\n\n<p class=\"wp-block-paragraph\">Mama mea a avut o copil\u0103rie nefericit\u0103, nu s-a sim\u021bit niciodat\u0103 iubit\u0103 \u0219i, de multe ori c\u00e2nd o ascultam povestindu-\u0219i copil\u0103ria, m\u0103 emo\u021bionam profund din cauza imensit\u0103\u021bii durerii ei. A\u0219 fi f\u0103cut orice pentru a o ajuta s\u0103 uite acea suferin\u021b\u0103 sau m\u0103car s\u0103 o \u00eempart cu ea, s\u0103 iau o parte din povara ei \u0219i s\u0103 i-o alin.<\/p>\n\n\n\n<p class=\"wp-block-paragraph\">\u00cen ciuda acestor greut\u0103\u021bi, mama era o persoan\u0103 plin\u0103 de voie bun\u0103, cu daruri speciale, care r\u0103sp\u00e2ndea \u00een jur seninatate \u0219i armonie. Totu\u0219i, \u00een momentele de singur\u0103tate, revenea adesea cu g\u00e2ndul la trecut, \u00eentreb\u00e2ndu-se:<strong> \u201eDe ce toate acestea?\u201d<\/strong> Pe acest fundal de depresie ascuns\u0103, la care pe parcursul vie\u021bii s-au ad\u0103ugat \u0219i alte evenimente nepl\u0103cute, sistemul ei imunitar a fost iremediabil sl\u0103bit.<\/p>\n\n\n\n<p class=\"wp-block-paragraph\">Nu \u0219tiu c\u00e2nd a \u00eenceput exact boala cu care a fost diagnosticat\u0103 &#8211; <em>leucemie limfatic\u0103<\/em> &#8211; , \u00eens\u0103 \u00eemi amintesc clar c\u0103 de mult timp suferea de probleme la urechi \u0219i, de fiecare dat\u0103 c\u00e2nd mergea la medic, primea acela\u0219i r\u0103spuns care o f\u0103cea s\u0103 se simt\u0103 foarte jenat\u0103,: <strong>\u201eDoamn\u0103, dar nu ave\u021bi nimic&#8230;\u201d<\/strong>. Se sim\u021bea ca si cum \u00ee\u0219i inventa motiv s\u0103 vin\u0103 la medic \u0219i nimeni nu o \u00een\u021belegea.<\/p>\n\n\n\n<p class=\"wp-block-paragraph\">Dup\u0103 c\u00e2\u021biva ani, problemele s-au agravat. \u00cen 2004, am aflat c\u0103 \u00een ora\u0219ul meu exista cineva care ajuta la restabilirea s\u0103n\u0103t\u0103\u021bii prin <strong>reflexoterapie plantar\u0103<\/strong>. De\u0219i nu \u0219tiam \u00eenc\u0103 atunci ce \u00eenseamn\u0103 reflexoterapia, am sunat imediat pentru a \u00eencepe un ciclu de tratamente pentru ea \u0219i pentru mine. Dup\u0103 primele zece \u0219edin\u021be, al\u0103turi de remedii naturale simple \u0219i cu pu\u021bin mai mult\u0103 aten\u021bie la alimenta\u021bie, mama a \u00eenceput s\u0103-\u0219i revin\u0103 \u0219i se sim\u021bea considerabil mai bine din toate punctele de vedere.  La fel \u0219i eu. Ast\u0103zi cred c\u0103 pentru a-\u0219i redob\u00e2ndi complet s\u0103n\u0103tatea fizic\u0103 \u0219i psihic\u0103, ar fi fost necesar s\u0103 continue tratamentele de reflexoterapie timp mai \u00eendelungat, repet\u00e2nd periodic un ciclu de \u00eentre\u021binere. <\/p>\n\n\n\n<p class=\"wp-block-paragraph\">Chiar dup\u0103 aceast\u0103 experien\u021b\u0103, primind eu \u00eens\u0103mi tratamente de reflexoterapie, am descoperit c\u0103 aceasta era exact ceea ce \u00eemi dorisem dintotdeauna nu doar ca si profesie ci ca o adevara\u021b\u0103 chemare. \u0218i iat\u0103 c\u0103 acum, \u00een timp ce scriu aceste r\u00e2nduri, au trecut dou\u0103zeci de ani de c\u00e2nd practic aceast\u0103 metod\u0103 fenomenal\u0103 oriunde m\u0103 poart\u0103 pa\u0219ii \u00een lume, aduc\u00e2nd z\u00e2mbete pe chipurile \u0219i \u00een sufletele celor care aleg s\u0103 aib\u0103 mai mult\u0103 grij\u0103 de ei \u00een\u0219i\u0219i.<\/p>\n\n\n\n<p class=\"wp-block-paragraph\"><\/p>\n\n\n\n<blockquote class=\"wp-block-quote is-layout-flow wp-block-quote-is-layout-flow\">\n<p class=\"wp-block-paragraph\">\u201eNu trebuie s\u0103 \u00eencerci s\u0103 vindeci corpul f\u0103r\u0103 a \u00eencerca s\u0103 vindeci sufletul.\u201d<br>\u2014 Platon<\/p>\n<\/blockquote>\n\n\n\n<p class=\"wp-block-paragraph\"><\/p>\n\n\n\n<div class=\"wp-block-uagb-advanced-heading uagb-block-bf3fbd13\"><h2 class=\"uagb-heading-text\"><strong>Repere din Medicina Tradi\u021bional\u0103 Chinez\u0103<\/strong><\/h2><\/div>\n\n\n\n<p class=\"wp-block-paragraph\">Pe scurt, din ceea ce am studiat p\u00e2n\u0103 acum, am \u00een\u021beles c\u0103 semnalul bolii mamei mele a fost dat tocmai de dezechilibrul  \u00een zona urechii, a auzului, care apar\u021bine Fazei Ap\u0103 \u0219i este legat de rinichi, organe care, conform MTC (Medicina Tradi\u021bional\u0103 Chinez\u0103), se ocup\u0103, printre altele, de <strong>calitatea s\u00e2ngelui<\/strong>.<\/p>\n\n\n\n<ul class=\"wp-block-list\">\n<li>Rinichii <strong>g\u0103zduiesc voin\u021ba \u0219i controleaz\u0103 frica<\/strong>.<\/li>\n\n\n\n<li>Rinichii <strong>acumuleaz\u0103 <em>jing-<\/em>ul \u0219i controleaz\u0103 reproducerea, cre\u0219terea \u0219i dezvoltarea.<\/strong><\/li>\n\n\n\n<li>Rinichii <strong>produc m\u0103duv\u0103, umplu creierul, guverneaz\u0103 oasele \u0219i creeaz\u0103 s\u00e2nge.<\/strong><\/li>\n\n\n\n<li>Rinichii <strong>se deschid spre exterior prin urechi.<\/strong><\/li>\n\n\n\n<li>Rinichii <strong>se manifest\u0103 \u00een p\u0103r.<\/strong><\/li>\n<\/ul>\n\n\n\n<p class=\"wp-block-paragraph\"><\/p>\n\n\n\n<div class=\"wp-block-uagb-advanced-heading uagb-block-198a0d2f\"><h2 class=\"uagb-heading-text\">Reflec\u021bii personale <\/h2><\/div>\n\n\n\n<p class=\"wp-block-paragraph\">Nu este suficient s\u0103 ne dorim s\u0103 fim s\u0103n\u0103to\u0219i pentru a evita s\u0103 ne \u00eemboln\u0103vim. Dac\u0103 vrem cu adev\u0103rat s\u0103 cre\u0103m un \u201eteren steril\u201d apari\u021biei simptomelor, nu este de ajuns s\u0103 ac\u021bion\u0103m asupra corpului \u0219i s\u0103 avem inten\u021bia de a ne vindeca, dac\u0103 aceasta nu este urmat\u0103 de o schimbare concret\u0103 a atitudinilor mentale \u0219i, implicit, a comportamentelor noastre.<\/p>\n\n\n\n<p class=\"wp-block-paragraph\">Dac\u0103 am febr\u0103 mare \u0219i stau dezbr\u0103cat afar\u0103, iarna, e greu de crezut c\u0103 doar inten\u021bia m\u0103 va face bine: ac\u021biunile pe care le \u00eentreprindem pentru a ne rec\u0103p\u0103ta s\u0103n\u0103tatea trebuie s\u0103 fie coerente \u0219i armonios integrate. S\u0103 urm\u0103m tratamentele puse la dispozi\u021bie de \u0219tiin\u021ba medical\u0103 este, desigur, o idee foarte bun\u0103, dar a face doar at\u00e2t s-ar putea s\u0103 nu fie suficient. Starea de bine are nevoie s\u0103 fie sus\u021binut\u0103 chiar atunci c\u00e2nd ea este \u00eenfloritoare: fiecare gest \u0219i ac\u021biune este ca o s\u0103m\u00e2n\u021b\u0103 care trebuie s\u0103 cad\u0103 pe un sol fertil, pentru c\u0103 dac\u0103 ajunge pe o plac\u0103 de beton, cu greu va \u00eencol\u021bi.<\/p>\n\n\n\n<p class=\"wp-block-paragraph\">Sarcina fiec\u0103ruia dintre noi este, a\u0219adar, s\u0103 identific\u0103m toate atitudinile mentale \u0219i comportamentele care ne \u00eempiedic\u0103 s\u0103 tr\u0103im o via\u021b\u0103 senin\u0103, care ne provoac\u0103 stres \u0219i ne r\u0103pesc bucuria de a tr\u0103i. A\u0219a cum cercet\u0103rile au demonstrat deja pe larg, cei care \u0219tiu s\u0103 tr\u0103iasc\u0103 \u00een lini\u0219te \u0219i armonie au \u0219anse mult mai mari de a r\u0103m\u00e2ne s\u0103n\u0103to\u0219i dec\u00e2t cei care nu reu\u0219esc acest lucru.<\/p>\n\n\n\n<p class=\"wp-block-paragraph\">Dac\u0103 ne e greu s\u0103 \u00een\u021belegem asta, vom ajunge s\u0103 credem c\u0103 s\u0103n\u0103tatea noastr\u0103 depinde de noroc, de \u00eent\u00e2mplare sau, \u0219i mai grav, de un dumnezeu sever \u0219i crud care ne d\u0103 un corp s\u0103n\u0103tos doar pentru a ni-l lua pe nea\u0219teptate, dup\u0103 bunul lui plac \u2014 un dumnezeu insensibil care ne zdrobe\u0219te f\u0103r\u0103 mil\u0103. \u0218i, ca s\u0103 justific\u0103m aceast\u0103 absurditate, vom ajunge s\u0103 invent\u0103m ideea propriei noastre nevrednicii: vom crede c\u0103 nu merit\u0103m s\u0103n\u0103tate, abunden\u021b\u0103 \u0219i fericire. <\/p>\n\n\n\n<p class=\"wp-block-paragraph\">Iar pentru c\u0103 ceea ce credem devine realitate pentru noi, sentimentul de vinov\u0103\u021bie va cre\u0219te, la fel \u0219i \u0219ansele noastre de a ne \u00eemboln\u0103vi.<\/p>\n\n\n\n<p class=\"wp-block-paragraph\"><\/p>\n\n\n\n<p class=\"wp-block-paragraph\">EXTRAS din teza mea de diplom\u0103 la<strong> Istituto di Alta Formazione, Scuola di Naturopatia, Roma<\/strong>, 2010.<\/p>\n\n\n\n<p class=\"wp-block-paragraph\"><\/p>\n\n\n\n<p class=\"wp-block-paragraph\">\ud83c\udf3f Dac\u0103 sim\u021bi c\u0103 a venit momentul s\u0103 \u00ee\u021bi oferi un r\u0103gaz de bun\u0103tate  \u0219i bl\u00e2nde\u021be pentru tine, de echilibru \u0219i reconectare cu tine \u00eensu\u021bi, te invit cu drag s\u0103 m\u0103 contactezi pentru mai multe informa\u021bii sau pentru a programa un tratament de reflexoterapie personalizat.<\/p>\n\n\n\n<p class=\"wp-block-paragraph\"><a href=\"https:\/\/www.magdaarama.it\/naturopatia-un-parcurs-complementar-catre-echilibru-si-constientizare\/\">\u00cempreun\u0103, putem crea un spa\u021biu de relaxare profund\u0103 \u0219i regenerare, unde corpul \u0219i sufletul t\u0103u s\u0103 se simt\u0103 sprijinite s\u0103 revin\u0103 la starea natural\u0103 de armonie \u0219i vitalitate.<\/a> <\/p>\n\n\n\n<p class=\"wp-block-paragraph\">\ud83d\udce9 Pentru detalii \u0219i program\u0103ri, m\u0103 po\u021bi contacta la butonul de whatsapp de alaturi sau din sectiunea CONTACTE<\/p>\n\n\n\n<p class=\"wp-block-paragraph\">A\u0219tept cu bucurie s\u0103 ne \u00eent\u00e2lnim \u0219i s\u0103 pornim \u00eempreun\u0103 pe acest drum al (auto)vindec\u0103rii \u0219i al redescoperirii bucuriei de a tr\u0103i!<\/p>\n\n\n\n<figure class=\"wp-block-pullquote\"><blockquote><p>\ud835\udc00\ud835\udc2b\ud835\udc26\ud835\udc28\ud835\udc27\ud835\udc22\ud835\udc1a \ud835\udc22\ud835\udc27\ud835\udc2d\ud835\udc1e\ud835\udc2b\ud835\udc22\ud835\udc28\ud835\udc1a\ud835\udc2b\ud835\udc1a\u0306 \ud835\udc20\ud835\udc1e\ud835\udc27\ud835\udc1e\ud835\udc2b\ud835\udc1e\ud835\udc1a\ud835\udc33\ud835\udc1a\u0306 \ud835\udc1a\ud835\udc2b\ud835\udc26\ud835\udc28\ud835\udc27\ud835\udc22\ud835\udc1a \ud835\udc1e\ud835\udc31\ud835\udc2d\ud835\udc1e\ud835\udc2b\ud835\udc22\ud835\udc28\ud835\udc1a\ud835\udc2b\ud835\udc1a\u0306<\/p><cite>Magda Elena Arama, naturopata<\/cite><\/blockquote><\/figure>\n\n\n\n<p class=\"wp-block-paragraph\"><\/p>","protected":false},"excerpt":{"rendered":"<p>Experien\u021ba Personal\u0103 si Reflectii Asupra Vindecarii Holistice A privi boala \u00eentr-un mod holistic, lu\u00e2nd-o \u00een considerare nu doar din punct de vedere fizic, ci \u0219i mental, emo\u021bional \u0219i spiritual, ne ofer\u0103 \u0219anse mai mari de a reg\u0103si echilibrul pierdut \u0219i armonia interioar\u0103 \u0219i, odat\u0103 cu acestea, starea de bine. Dac\u0103 \u00eencet\u0103m s\u0103 consider\u0103m simptomele fizice&hellip;&nbsp;<a href=\"https:\/\/www.magdaarama.it\/it\/traieste-in-armonie-cu-ajutorul-reflexoterapiei\/\" rel=\"bookmark\">Leggi tutto &raquo;<span class=\"screen-reader-text\">Tr\u0103ie\u0219te \u00een armonie cu ajutorul reflexoterapiei<\/span><\/a><\/p>","protected":false},"author":1,"featured_media":1574,"comment_status":"closed","ping_status":"open","sticky":false,"template":"","format":"standard","meta":{"_uag_custom_page_level_css":"","advgb_blocks_editor_width":"","advgb_blocks_columns_visual_guide":"","neve_meta_sidebar":"","neve_meta_container":"","neve_meta_enable_content_width":"","neve_meta_content_width":0,"neve_meta_title_alignment":"","neve_meta_author_avatar":"","neve_post_elements_order":"","neve_meta_disable_header":"","neve_meta_disable_footer":"","neve_meta_disable_title":"","footnotes":""},"categories":[18],"tags":[],"class_list":["post-1569","post","type-post","status-publish","format-standard","has-post-thumbnail","hentry","category-blog"],"yoast_head":"<!-- This site is optimized with the Yoast SEO plugin v28.3 - https:\/\/yoast.com\/product\/yoast-seo-wordpress\/ -->\n<title>Tr\u0103ie\u0219te \u00een armonie cu ajutorul reflexoterapiei - Magda E. Arama - Naturopat\u0103<\/title>\n<meta name=\"robots\" content=\"index, follow, max-snippet:-1, max-image-preview:large, max-video-preview:-1\" \/>\n<link rel=\"canonical\" href=\"https:\/\/www.magdaarama.it\/it\/traieste-in-armonie-cu-ajutorul-reflexoterapiei\/\" \/>\n<meta property=\"og:locale\" content=\"it_IT\" \/>\n<meta property=\"og:type\" content=\"article\" \/>\n<meta property=\"og:title\" content=\"Tr\u0103ie\u0219te \u00een armonie cu ajutorul reflexoterapiei - Magda E. Arama - Naturopat\u0103\" \/>\n<meta property=\"og:description\" content=\"Experien\u021ba Personal\u0103 si Reflectii Asupra Vindecarii Holistice A privi boala \u00eentr-un mod holistic, lu\u00e2nd-o \u00een considerare nu doar din punct de vedere fizic, ci \u0219i mental, emo\u021bional \u0219i spiritual, ne ofer\u0103 \u0219anse mai mari de a reg\u0103si echilibrul pierdut \u0219i armonia interioar\u0103 \u0219i, odat\u0103 cu acestea, starea de bine. Dac\u0103 \u00eencet\u0103m s\u0103 consider\u0103m simptomele fizice&hellip;&nbsp;Leggi tutto &raquo;Tr\u0103ie\u0219te \u00een armonie cu ajutorul reflexoterapiei\" \/>\n<meta property=\"og:url\" content=\"https:\/\/www.magdaarama.it\/it\/traieste-in-armonie-cu-ajutorul-reflexoterapiei\/\" \/>\n<meta property=\"og:site_name\" content=\"Magda E. Arama - Naturopat\u0103\" \/>\n<meta property=\"article:publisher\" content=\"https:\/\/www.facebook.com\/MagdaAramaNaturopatia\/\" \/>\n<meta property=\"article:author\" content=\"https:\/\/www.facebook.com\/MagdaAramaNaturopatia\/\" \/>\n<meta property=\"article:published_time\" content=\"2025-07-01T10:29:46+00:00\" \/>\n<meta property=\"article:modified_time\" content=\"2025-07-01T21:57:40+00:00\" \/>\n<meta property=\"og:image\" content=\"https:\/\/www.magdaarama.it\/wp-content\/uploads\/2025\/06\/fotoreflexo.jpg\" \/>\n\t<meta property=\"og:image:width\" content=\"1536\" \/>\n\t<meta property=\"og:image:height\" content=\"2048\" \/>\n\t<meta property=\"og:image:type\" content=\"image\/jpeg\" \/>\n<meta name=\"author\" content=\"wp_15293167\" \/>\n<meta name=\"twitter:card\" content=\"summary_large_image\" \/>\n<meta name=\"twitter:label1\" content=\"Scritto da\" \/>\n\t<meta name=\"twitter:data1\" content=\"wp_15293167\" \/>\n\t<meta name=\"twitter:label2\" content=\"Tempo di lettura stimato\" \/>\n\t<meta name=\"twitter:data2\" content=\"8 minuti\" \/>\n<script type=\"application\/ld+json\" class=\"yoast-schema-graph\">{\"@context\":\"https:\\\/\\\/schema.org\",\"@graph\":[{\"@type\":\"Article\",\"@id\":\"https:\\\/\\\/www.magdaarama.it\\\/traieste-in-armonie-cu-ajutorul-reflexoterapiei\\\/#article\",\"isPartOf\":{\"@id\":\"https:\\\/\\\/www.magdaarama.it\\\/traieste-in-armonie-cu-ajutorul-reflexoterapiei\\\/\"},\"author\":{\"name\":\"wp_15293167\",\"@id\":\"https:\\\/\\\/www.magdaarama.it\\\/#\\\/schema\\\/person\\\/92a8160f1564c0eb2f6af688f3ee5a41\"},\"headline\":\"Tr\u0103ie\u0219te \u00een armonie cu ajutorul reflexoterapiei\",\"datePublished\":\"2025-07-01T10:29:46+00:00\",\"dateModified\":\"2025-07-01T21:57:40+00:00\",\"mainEntityOfPage\":{\"@id\":\"https:\\\/\\\/www.magdaarama.it\\\/traieste-in-armonie-cu-ajutorul-reflexoterapiei\\\/\"},\"wordCount\":1506,\"publisher\":{\"@id\":\"https:\\\/\\\/www.magdaarama.it\\\/#\\\/schema\\\/person\\\/92a8160f1564c0eb2f6af688f3ee5a41\"},\"image\":{\"@id\":\"https:\\\/\\\/www.magdaarama.it\\\/traieste-in-armonie-cu-ajutorul-reflexoterapiei\\\/#primaryimage\"},\"thumbnailUrl\":\"https:\\\/\\\/www.magdaarama.it\\\/wp-content\\\/uploads\\\/2025\\\/06\\\/fotoreflexo.jpg\",\"articleSection\":[\"blog\"],\"inLanguage\":\"it-IT\"},{\"@type\":\"WebPage\",\"@id\":\"https:\\\/\\\/www.magdaarama.it\\\/traieste-in-armonie-cu-ajutorul-reflexoterapiei\\\/\",\"url\":\"https:\\\/\\\/www.magdaarama.it\\\/traieste-in-armonie-cu-ajutorul-reflexoterapiei\\\/\",\"name\":\"Tr\u0103ie\u0219te \u00een armonie cu ajutorul reflexoterapiei - Magda E. Arama - Naturopat\u0103\",\"isPartOf\":{\"@id\":\"https:\\\/\\\/www.magdaarama.it\\\/#website\"},\"primaryImageOfPage\":{\"@id\":\"https:\\\/\\\/www.magdaarama.it\\\/traieste-in-armonie-cu-ajutorul-reflexoterapiei\\\/#primaryimage\"},\"image\":{\"@id\":\"https:\\\/\\\/www.magdaarama.it\\\/traieste-in-armonie-cu-ajutorul-reflexoterapiei\\\/#primaryimage\"},\"thumbnailUrl\":\"https:\\\/\\\/www.magdaarama.it\\\/wp-content\\\/uploads\\\/2025\\\/06\\\/fotoreflexo.jpg\",\"datePublished\":\"2025-07-01T10:29:46+00:00\",\"dateModified\":\"2025-07-01T21:57:40+00:00\",\"breadcrumb\":{\"@id\":\"https:\\\/\\\/www.magdaarama.it\\\/traieste-in-armonie-cu-ajutorul-reflexoterapiei\\\/#breadcrumb\"},\"inLanguage\":\"it-IT\",\"potentialAction\":[{\"@type\":\"ReadAction\",\"target\":[\"https:\\\/\\\/www.magdaarama.it\\\/traieste-in-armonie-cu-ajutorul-reflexoterapiei\\\/\"]}]},{\"@type\":\"ImageObject\",\"inLanguage\":\"it-IT\",\"@id\":\"https:\\\/\\\/www.magdaarama.it\\\/traieste-in-armonie-cu-ajutorul-reflexoterapiei\\\/#primaryimage\",\"url\":\"https:\\\/\\\/www.magdaarama.it\\\/wp-content\\\/uploads\\\/2025\\\/06\\\/fotoreflexo.jpg\",\"contentUrl\":\"https:\\\/\\\/www.magdaarama.it\\\/wp-content\\\/uploads\\\/2025\\\/06\\\/fotoreflexo.jpg\",\"width\":1536,\"height\":2048},{\"@type\":\"BreadcrumbList\",\"@id\":\"https:\\\/\\\/www.magdaarama.it\\\/traieste-in-armonie-cu-ajutorul-reflexoterapiei\\\/#breadcrumb\",\"itemListElement\":[{\"@type\":\"ListItem\",\"position\":1,\"name\":\"Home\",\"item\":\"https:\\\/\\\/www.magdaarama.it\\\/\"},{\"@type\":\"ListItem\",\"position\":2,\"name\":\"Tr\u0103ie\u0219te \u00een armonie cu ajutorul reflexoterapiei\"}]},{\"@type\":\"WebSite\",\"@id\":\"https:\\\/\\\/www.magdaarama.it\\\/#website\",\"url\":\"https:\\\/\\\/www.magdaarama.it\\\/\",\"name\":\"Magda E. Arama - Naturopat\u0103\",\"description\":\"\",\"publisher\":{\"@id\":\"https:\\\/\\\/www.magdaarama.it\\\/#\\\/schema\\\/person\\\/92a8160f1564c0eb2f6af688f3ee5a41\"},\"potentialAction\":[{\"@type\":\"SearchAction\",\"target\":{\"@type\":\"EntryPoint\",\"urlTemplate\":\"https:\\\/\\\/www.magdaarama.it\\\/?s={search_term_string}\"},\"query-input\":{\"@type\":\"PropertyValueSpecification\",\"valueRequired\":true,\"valueName\":\"search_term_string\"}}],\"inLanguage\":\"it-IT\"},{\"@type\":[\"Person\",\"Organization\"],\"@id\":\"https:\\\/\\\/www.magdaarama.it\\\/#\\\/schema\\\/person\\\/92a8160f1564c0eb2f6af688f3ee5a41\",\"name\":\"wp_15293167\",\"image\":{\"@type\":\"ImageObject\",\"inLanguage\":\"it-IT\",\"@id\":\"https:\\\/\\\/www.magdaarama.it\\\/wp-content\\\/uploads\\\/2022\\\/11\\\/magda_arama_2021.png\",\"url\":\"https:\\\/\\\/www.magdaarama.it\\\/wp-content\\\/uploads\\\/2022\\\/11\\\/magda_arama_2021.png\",\"contentUrl\":\"https:\\\/\\\/www.magdaarama.it\\\/wp-content\\\/uploads\\\/2022\\\/11\\\/magda_arama_2021.png\",\"width\":928,\"height\":929,\"caption\":\"wp_15293167\"},\"logo\":{\"@id\":\"https:\\\/\\\/www.magdaarama.it\\\/wp-content\\\/uploads\\\/2022\\\/11\\\/magda_arama_2021.png\"},\"sameAs\":[\"https:\\\/\\\/www.magdaarama.it\",\"https:\\\/\\\/www.facebook.com\\\/MagdaAramaNaturopatia\\\/\",\"https:\\\/\\\/www.instagram.com\\\/magda_arama\",\"https:\\\/\\\/www.youtube.com\\\/@MagdaArama\"],\"url\":\"https:\\\/\\\/www.magdaarama.it\\\/it\\\/author\\\/wp_15293167\\\/\"}]}<\/script>\n<!-- \/ Yoast SEO plugin. -->","yoast_head_json":{"title":"Tr\u0103ie\u0219te \u00een armonie cu ajutorul reflexoterapiei - Magda E. Arama - Naturopat\u0103","robots":{"index":"index","follow":"follow","max-snippet":"max-snippet:-1","max-image-preview":"max-image-preview:large","max-video-preview":"max-video-preview:-1"},"canonical":"https:\/\/www.magdaarama.it\/it\/traieste-in-armonie-cu-ajutorul-reflexoterapiei\/","og_locale":"it_IT","og_type":"article","og_title":"Tr\u0103ie\u0219te \u00een armonie cu ajutorul reflexoterapiei - Magda E. Arama - Naturopat\u0103","og_description":"Experien\u021ba Personal\u0103 si Reflectii Asupra Vindecarii Holistice A privi boala \u00eentr-un mod holistic, lu\u00e2nd-o \u00een considerare nu doar din punct de vedere fizic, ci \u0219i mental, emo\u021bional \u0219i spiritual, ne ofer\u0103 \u0219anse mai mari de a reg\u0103si echilibrul pierdut \u0219i armonia interioar\u0103 \u0219i, odat\u0103 cu acestea, starea de bine. Dac\u0103 \u00eencet\u0103m s\u0103 consider\u0103m simptomele fizice&hellip;&nbsp;Leggi tutto &raquo;Tr\u0103ie\u0219te \u00een armonie cu ajutorul reflexoterapiei","og_url":"https:\/\/www.magdaarama.it\/it\/traieste-in-armonie-cu-ajutorul-reflexoterapiei\/","og_site_name":"Magda E. Arama - Naturopat\u0103","article_publisher":"https:\/\/www.facebook.com\/MagdaAramaNaturopatia\/","article_author":"https:\/\/www.facebook.com\/MagdaAramaNaturopatia\/","article_published_time":"2025-07-01T10:29:46+00:00","article_modified_time":"2025-07-01T21:57:40+00:00","og_image":[{"width":1536,"height":2048,"url":"https:\/\/www.magdaarama.it\/wp-content\/uploads\/2025\/06\/fotoreflexo.jpg","type":"image\/jpeg"}],"author":"wp_15293167","twitter_card":"summary_large_image","twitter_misc":{"Scritto da":"wp_15293167","Tempo di lettura stimato":"8 minuti"},"schema":{"@context":"https:\/\/schema.org","@graph":[{"@type":"Article","@id":"https:\/\/www.magdaarama.it\/traieste-in-armonie-cu-ajutorul-reflexoterapiei\/#article","isPartOf":{"@id":"https:\/\/www.magdaarama.it\/traieste-in-armonie-cu-ajutorul-reflexoterapiei\/"},"author":{"name":"wp_15293167","@id":"https:\/\/www.magdaarama.it\/#\/schema\/person\/92a8160f1564c0eb2f6af688f3ee5a41"},"headline":"Tr\u0103ie\u0219te \u00een armonie cu ajutorul reflexoterapiei","datePublished":"2025-07-01T10:29:46+00:00","dateModified":"2025-07-01T21:57:40+00:00","mainEntityOfPage":{"@id":"https:\/\/www.magdaarama.it\/traieste-in-armonie-cu-ajutorul-reflexoterapiei\/"},"wordCount":1506,"publisher":{"@id":"https:\/\/www.magdaarama.it\/#\/schema\/person\/92a8160f1564c0eb2f6af688f3ee5a41"},"image":{"@id":"https:\/\/www.magdaarama.it\/traieste-in-armonie-cu-ajutorul-reflexoterapiei\/#primaryimage"},"thumbnailUrl":"https:\/\/www.magdaarama.it\/wp-content\/uploads\/2025\/06\/fotoreflexo.jpg","articleSection":["blog"],"inLanguage":"it-IT"},{"@type":"WebPage","@id":"https:\/\/www.magdaarama.it\/traieste-in-armonie-cu-ajutorul-reflexoterapiei\/","url":"https:\/\/www.magdaarama.it\/traieste-in-armonie-cu-ajutorul-reflexoterapiei\/","name":"Tr\u0103ie\u0219te \u00een armonie cu ajutorul reflexoterapiei - Magda E. Arama - Naturopat\u0103","isPartOf":{"@id":"https:\/\/www.magdaarama.it\/#website"},"primaryImageOfPage":{"@id":"https:\/\/www.magdaarama.it\/traieste-in-armonie-cu-ajutorul-reflexoterapiei\/#primaryimage"},"image":{"@id":"https:\/\/www.magdaarama.it\/traieste-in-armonie-cu-ajutorul-reflexoterapiei\/#primaryimage"},"thumbnailUrl":"https:\/\/www.magdaarama.it\/wp-content\/uploads\/2025\/06\/fotoreflexo.jpg","datePublished":"2025-07-01T10:29:46+00:00","dateModified":"2025-07-01T21:57:40+00:00","breadcrumb":{"@id":"https:\/\/www.magdaarama.it\/traieste-in-armonie-cu-ajutorul-reflexoterapiei\/#breadcrumb"},"inLanguage":"it-IT","potentialAction":[{"@type":"ReadAction","target":["https:\/\/www.magdaarama.it\/traieste-in-armonie-cu-ajutorul-reflexoterapiei\/"]}]},{"@type":"ImageObject","inLanguage":"it-IT","@id":"https:\/\/www.magdaarama.it\/traieste-in-armonie-cu-ajutorul-reflexoterapiei\/#primaryimage","url":"https:\/\/www.magdaarama.it\/wp-content\/uploads\/2025\/06\/fotoreflexo.jpg","contentUrl":"https:\/\/www.magdaarama.it\/wp-content\/uploads\/2025\/06\/fotoreflexo.jpg","width":1536,"height":2048},{"@type":"BreadcrumbList","@id":"https:\/\/www.magdaarama.it\/traieste-in-armonie-cu-ajutorul-reflexoterapiei\/#breadcrumb","itemListElement":[{"@type":"ListItem","position":1,"name":"Home","item":"https:\/\/www.magdaarama.it\/"},{"@type":"ListItem","position":2,"name":"Tr\u0103ie\u0219te \u00een armonie cu ajutorul reflexoterapiei"}]},{"@type":"WebSite","@id":"https:\/\/www.magdaarama.it\/#website","url":"https:\/\/www.magdaarama.it\/","name":"Magda E. Arama - Naturopata","description":"","publisher":{"@id":"https:\/\/www.magdaarama.it\/#\/schema\/person\/92a8160f1564c0eb2f6af688f3ee5a41"},"potentialAction":[{"@type":"SearchAction","target":{"@type":"EntryPoint","urlTemplate":"https:\/\/www.magdaarama.it\/?s={search_term_string}"},"query-input":{"@type":"PropertyValueSpecification","valueRequired":true,"valueName":"search_term_string"}}],"inLanguage":"it-IT"},{"@type":["Person","Organization"],"@id":"https:\/\/www.magdaarama.it\/#\/schema\/person\/92a8160f1564c0eb2f6af688f3ee5a41","name":"wp_15293167","image":{"@type":"ImageObject","inLanguage":"it-IT","@id":"https:\/\/www.magdaarama.it\/wp-content\/uploads\/2022\/11\/magda_arama_2021.png","url":"https:\/\/www.magdaarama.it\/wp-content\/uploads\/2022\/11\/magda_arama_2021.png","contentUrl":"https:\/\/www.magdaarama.it\/wp-content\/uploads\/2022\/11\/magda_arama_2021.png","width":928,"height":929,"caption":"wp_15293167"},"logo":{"@id":"https:\/\/www.magdaarama.it\/wp-content\/uploads\/2022\/11\/magda_arama_2021.png"},"sameAs":["https:\/\/www.magdaarama.it","https:\/\/www.facebook.com\/MagdaAramaNaturopatia\/","https:\/\/www.instagram.com\/magda_arama","https:\/\/www.youtube.com\/@MagdaArama"],"url":"https:\/\/www.magdaarama.it\/it\/author\/wp_15293167\/"}]}},"author_meta":{"display_name":"wp_15293167","author_link":"https:\/\/www.magdaarama.it\/it\/author\/wp_15293167\/"},"featured_img":"https:\/\/www.magdaarama.it\/wp-content\/uploads\/2025\/06\/fotoreflexo-225x300.jpg","uagb_featured_image_src":{"full":["https:\/\/www.magdaarama.it\/wp-content\/uploads\/2025\/06\/fotoreflexo.jpg",1536,2048,false],"thumbnail":["https:\/\/www.magdaarama.it\/wp-content\/uploads\/2025\/06\/fotoreflexo-150x150.jpg",150,150,true],"medium":["https:\/\/www.magdaarama.it\/wp-content\/uploads\/2025\/06\/fotoreflexo-225x300.jpg",225,300,true],"medium_large":["https:\/\/www.magdaarama.it\/wp-content\/uploads\/2025\/06\/fotoreflexo-768x1024.jpg",768,1024,true],"large":["https:\/\/www.magdaarama.it\/wp-content\/uploads\/2025\/06\/fotoreflexo-768x1024.jpg",768,1024,true],"1536x1536":["https:\/\/www.magdaarama.it\/wp-content\/uploads\/2025\/06\/fotoreflexo-1152x1536.jpg",1152,1536,true],"2048x2048":["https:\/\/www.magdaarama.it\/wp-content\/uploads\/2025\/06\/fotoreflexo.jpg",1536,2048,false],"trp-custom-language-flag":["https:\/\/www.magdaarama.it\/wp-content\/uploads\/2025\/06\/fotoreflexo-9x12.jpg",9,12,true],"neve-blog":["https:\/\/www.magdaarama.it\/wp-content\/uploads\/2025\/06\/fotoreflexo-930x620.jpg",930,620,true]},"uagb_author_info":{"display_name":"wp_15293167","author_link":"https:\/\/www.magdaarama.it\/it\/author\/wp_15293167\/"},"uagb_comment_info":0,"uagb_excerpt":"Experien\u021ba Personal\u0103 si Reflectii Asupra Vindecarii Holistice A privi boala \u00eentr-un mod holistic, lu\u00e2nd-o \u00een considerare nu doar din punct de vedere fizic, ci \u0219i mental, emo\u021bional \u0219i spiritual, ne ofer\u0103 \u0219anse mai mari de a reg\u0103si echilibrul pierdut \u0219i armonia interioar\u0103 \u0219i, odat\u0103 cu acestea, starea de bine. Dac\u0103 \u00eencet\u0103m s\u0103 consider\u0103m simptomele fizice&hellip;&nbsp;Leggi&hellip;","coauthors":[],"tax_additional":{"categories":{"linked":["<a href=\"https:\/\/www.magdaarama.it\/it\/category\/blog\/\" class=\"advgb-post-tax-term\">blog<\/a>"],"unlinked":["<span class=\"advgb-post-tax-term\">blog<\/span>"]}},"comment_count":"0","relative_dates":{"created":"Pubblicato 1 anno fa","modified":"Aggiornato 1 anno fa"},"absolute_dates":{"created":"Pubblicato il 1 Luglio 2025","modified":"Aggiornato il 1 Luglio 2025"},"absolute_dates_time":{"created":"Pubblicato il 1 Luglio 2025 10:29","modified":"Aggiornato il 1 Luglio 2025 21:57"},"featured_img_caption":"","series_order":"","_links":{"self":[{"href":"https:\/\/www.magdaarama.it\/it\/wp-json\/wp\/v2\/posts\/1569","targetHints":{"allow":["GET"]}}],"collection":[{"href":"https:\/\/www.magdaarama.it\/it\/wp-json\/wp\/v2\/posts"}],"about":[{"href":"https:\/\/www.magdaarama.it\/it\/wp-json\/wp\/v2\/types\/post"}],"author":[{"embeddable":true,"href":"https:\/\/www.magdaarama.it\/it\/wp-json\/wp\/v2\/users\/1"}],"replies":[{"embeddable":true,"href":"https:\/\/www.magdaarama.it\/it\/wp-json\/wp\/v2\/comments?post=1569"}],"version-history":[{"count":8,"href":"https:\/\/www.magdaarama.it\/it\/wp-json\/wp\/v2\/posts\/1569\/revisions"}],"predecessor-version":[{"id":1588,"href":"https:\/\/www.magdaarama.it\/it\/wp-json\/wp\/v2\/posts\/1569\/revisions\/1588"}],"wp:featuredmedia":[{"embeddable":true,"href":"https:\/\/www.magdaarama.it\/it\/wp-json\/wp\/v2\/media\/1574"}],"wp:attachment":[{"href":"https:\/\/www.magdaarama.it\/it\/wp-json\/wp\/v2\/media?parent=1569"}],"wp:term":[{"taxonomy":"category","embeddable":true,"href":"https:\/\/www.magdaarama.it\/it\/wp-json\/wp\/v2\/categories?post=1569"},{"taxonomy":"post_tag","embeddable":true,"href":"https:\/\/www.magdaarama.it\/it\/wp-json\/wp\/v2\/tags?post=1569"}],"curies":[{"name":"wp","href":"https:\/\/api.w.org\/{rel}","templated":true}]}}