{"id":1539,"date":"2025-06-16T17:55:31","date_gmt":"2025-06-16T17:55:31","guid":{"rendered":"https:\/\/www.magdaarama.it\/?p=1539"},"modified":"2025-09-26T22:59:14","modified_gmt":"2025-09-26T22:59:14","slug":"ondamed-si-frecventele-solfeggio","status":"publish","type":"post","link":"https:\/\/www.magdaarama.it\/it\/ondamed-si-frecventele-solfeggio\/","title":{"rendered":"Ondamed \u0219i Frecven\u021bele Solfeggio"},"content":{"rendered":"<p class=\"wp-block-paragraph\">Vibra\u021bia este totul. \u0218i fiecare vibra\u021bie are propria sa frecven\u021b\u0103. Expun\u00e2nd corpul la frecven\u021bele Solfeggio, po\u021bi ob\u021bine cu u\u0219urin\u021b\u0103 un sentiment mai profund de echilibru \u0219i vindecare profund\u0103. Frecven\u021bele Solfeggio te vor alinia cu ritmurile \u0219i tonurile care formeaz\u0103 baza Universului.<\/p>\n\n\n\n<p class=\"wp-block-paragraph\">De mult timp asociate cu muzica de medita\u021bie, frecven\u021bele Solfeggio au reputa\u021bia de a fi frecven\u021bele originale folosite de c\u0103lug\u0103rii gregorieni atunci c\u00e2nd c\u00e2ntau \u00een timpul medita\u021biei. C\u00e2ntul, bazat pe cele \u0219ase note originale (396Hz \u2013 417Hz \u2013 528Hz \u2013 639Hz \u2013 741Hz \u2013 852Hz), p\u0103trunde profund \u00een mintea con\u0219tient\u0103 \u0219i subcon\u0219tient\u0103, gener\u00e2nd reac\u021bii emo\u021bionale uneori imposibil de controlat \u00een totalitate. Aceste frecven\u021be originale au fost \u201epierdute\u201d de-a lungul secolelor, odat\u0103 cu introducerea mai multor metode noi de acordaj.<\/p>\n\n\n\n<p class=\"wp-block-paragraph\">Acestea sunt cele 6 frecven\u021be primordiale ale vie\u021bii, numite SOLFEGGIO, incluse \u00een <strong>programul 174<a href=\"https:\/\/www.magdaarama.it\/ondamed\/\"> <\/a><\/strong><a href=\"https:\/\/www.magdaarama.it\/ondamed\/\">ONDAMED\u00ae<\/a>, un dispozitiv de biorezonan\u021b\u0103 magnetic\u0103 pe care \u00eel folosesc de peste 15 ani \u0219i care a contribuit la transformarea multor persoane \u2014 inclusiv a mea.<\/p>\n\n\n\n<div class=\"wp-block-uagb-advanced-heading uagb-block-7f0f028f\"><h3 class=\"uagb-heading-text\">Concret, la ce folosesc frecven\u021bele Solfeggio \u0219i care sunt beneficiile lor.<\/h3><\/div>\n\n\n\n<p class=\"wp-block-paragraph\"><br><strong>396 Hz<\/strong> \u2013 \u00a0Este frecven\u021ba puterii \u00een realizarea obiectivelor. Elibereaz\u0103 sentimentele de vinovatie \u0219i fric\u0103, chiar \u0219i pe cele care sunt stocate ad\u00e2nc \u00een subconstient. Permite accesarea st\u0103rii de prezent;<\/p>\n\n\n\n<p class=\"wp-block-paragraph\"><strong>417 Hz <\/strong>\u2013 \u00cendep\u0103rteaz\u0103 energia negativ\u0103 nu numai din organism, dar \u0219i din mediul \u00een care te afli. Faciliteaz\u0103 eliberarea trecutului \u0219i dep\u0103\u0219irea traumelor;<br><strong>528 Hz <\/strong>\u2013 Repar\u0103 \u0219i aduce ADN-ul la starea ini\u021bial\u0103. Reduce stresul \u0219i anxietatea, vindecare emo\u021bional\u0103, \u00eembun\u0103t\u0103\u021birea intui\u021biei \u0219i promovarea armoniei \u0219i a iubirii. Ajut\u0103 la regenerare celular\u0103 \u0219i la cre\u0219terea st\u0103rii generale de bine fizic \u0219i subtil;<br><strong>639 Hz<\/strong> \u2013 Contribuie la\u00a0\u00eembun\u0103t\u0103\u021birea rela\u021biilor interpersonale, cultivarea armoniei, promovarea\u00a0iubirii\u00a0\u0219i\u00a0p\u0103cii;<br><strong>741 Hz<\/strong> \u2013 Este asociat\u0103 cu detoxifierea corpului \u0219i a min\u021bii,\u00a0eliminarea toxinelor \u0219i a energiei negative, trezirea intui\u021biei \u0219i rezolvarea problemelor, sprijinind \u00een acela\u0219i timp claritatea mental\u0103 \u0219i o stare de bine spiritual\u0103;<br><strong>852 Hz<\/strong> \u2013 Claritate mental\u0103 \u0219i focus sporit,\u00a0reducerea stresului \u0219i a g\u00e2ndurilor negative,\u00a0\u00eembun\u0103t\u0103\u021birea calit\u0103\u021bii somnului,\u00a0dezvoltarea intui\u021biei \u0219i a vederii interioare, \u0219i\u00a0echilibrarea spiritual\u0103.<\/p>\n\n\n\n<p class=\"wp-block-paragraph\">Frecven\u021bele Solfeggio sunt cunoscute pentru capacitatea lor de a p\u0103trunde profund \u00een con\u0219tiin\u021ba uman\u0103, de a deschide c\u0103ile energetice \u0219i de a echilibra corpul \u0219i mintea.<\/p>\n\n\n\n<p class=\"wp-block-paragraph\">Este cunoscut faptul c\u0103 fiecare frecven\u021b\u0103 are capacitatea de a alinia \u0219i energiza o anumit\u0103 chakra din sistemul energetic al corpului. De exemplu, frecven\u021ba de 639 Hz este conectat\u0103 cu chakra inimii, ajut\u00e2nd la amplificarea iubirii \u0219i armoniei \u00een rela\u021biile interpersonale, precum \u0219i la vindecarea emo\u021bional\u0103. Astfel, utilizarea frecven\u021belor Solfeggio poate stimula glanda pineal\u0103 \u0219i poate contribui la deblocarea centrilor energetici ale corpului, u\u0219ur\u00e2nd fluxul liber al energiei \u0219i contribuind la o stare de echilibru.\u00a0<\/p>\n\n\n\n<div class=\"wp-block-uagb-image uagb-block-aa8221be wp-block-uagb-image--layout-default wp-block-uagb-image--effect-static wp-block-uagb-image--align-none\"><figure class=\"wp-block-uagb-image__figure\"><img decoding=\"async\" src=\"https:\/\/www.magdaarama.it\/wp-content\/uploads\/2023\/10\/10849720_902951383050947_6412393192826875313_n.jpg\" alt=\"\" class=\"uag-image-603\" width=\"500\" height=\"499\" title=\"10849720_902951383050947_6412393192826875313_n\" loading=\"lazy\" role=\"img\" \/><\/figure><\/div>\n\n\n\n<figure class=\"wp-block-pullquote\"><blockquote><p>Primind beneficiile frecven\u021belor Solfeggio, te vei sim\u021bi mai vital(\u0103) \u0219i mai conectat(\u0103) la via\u021b\u0103.<\/p><\/blockquote><\/figure>\n\n\n\n<p class=\"wp-block-paragraph\"><br><\/p>\n\n\n\n<p class=\"wp-block-paragraph\">Pentru c\u0103 suferin\u021bele de orice fel ne \u201esting\u201d treptat la toate nivelurile \u2014 energetic, emo\u021bional, fizic \u2014, dorin\u021ba \u0219i bucuria de a tr\u0103i se estompeaz\u0103, adesea f\u0103r\u0103 s\u0103 ne d\u0103m seama.<\/p>\n\n\n\n<p class=\"wp-block-paragraph\">F\u0103r\u0103 vitalitate, procesele fiziologice naturale ale corpului, inclusiv autovindecarea, se blocheaz\u0103, f\u0103c\u00e2nd loc dezechilibrelor de tot felul (emo\u021bionale, mentale, fizice).<br>A men\u021bine un nivel ridicat de vitalitate este cheia pentru bun\u0103starea corpului, a sufletului \u0219i a min\u021bii.<\/p>\n\n\n\n<p class=\"wp-block-paragraph\">Ne-am obi\u0219nuit prea mult timp s\u0103 ne sim\u021bim mereu obosi\u021bi, tri\u0219ti \u0219i f\u0103r\u0103 chef, uit\u00e2nd cum e s\u0103 fii cu adev\u0103rat plin de via\u021b\u0103 \u0219i c\u00e2t de benefic este acest lucru pentru s\u0103n\u0103tatea noastr\u0103.<\/p>\n\n\n\n<p class=\"wp-block-paragraph\">\ud83d\udc49 Programeaz\u0103 acum o sesiune cu cele 6 frecven\u021be primordiale ale vie\u021bii &#8211; <strong>S O L F E G G I O <\/strong>&#8211; din sistemul ONDAMED\u00ae.<\/p>\n\n\n\n<div class=\"wp-block-uagb-advanced-heading uagb-block-6da5d928\"><h4 class=\"uagb-heading-text\">Este o experien\u021b\u0103 special\u0103! \ud83d\ude42<\/h4><\/div>\n\n\n\n<p class=\"wp-block-paragraph\"><\/p>\n\n\n\n<p class=\"wp-block-paragraph\"><strong>Disclaimer<\/strong><\/p>\n\n\n\n<p class=\"wp-block-paragraph\">Acest articol are scop informativ \u0219i nu \u00eenlocuie\u0219te sfatul medical profesionist. Dac\u0103 ai \u00eentreb\u0103ri despre s\u0103n\u0103tatea ta sau st\u0103ri de stres, consult\u0103 un specialist calificat.<\/p>\n\n\n\n<div class=\"wp-block-uagb-container uagb-block-fbncvyr1 alignfull uagb-is-root-container\"><div class=\"uagb-container-inner-blocks-wrap\">\n<div class=\"wp-block-uagb-container uagb-block-gosugc8k\">\n<div class=\"wp-block-uagb-info-box uagb-block-eppqfdtg uagb-infobox__content-wrap  uagb-infobox-icon-above-title uagb-infobox-image-valign-top\"><div class=\"uagb-ifb-content\"><div class=\"uagb-ifb-title-wrap\"><h2 class=\"uagb-ifb-title\">Contattami<\/h2><\/div><p class=\"uagb-ifb-desc\">Qui troverete tutti i miei contatti, l&#039;ubicazione del mio studio e un modulo.<\/p><\/div><\/div>\n\n\n\n<div class=\"wp-block-uagb-info-box uagb-block-khs2motv uagb-infobox__content-wrap  uagb-infobox-icon-left-title uagb-infobox-left uagb-infobox-image-valign-top\"><div class=\"uagb-ifb-content\"><div class=\"uagb-ifb-left-title-image\"><div class=\"uagb-ifb-icon-wrap\"><svg xmlns=\"https:\/\/www.w3.org\/2000\/svg\" viewbox=\"0 0 384 512\"><path d=\"M168.3 499.2C116.1 435 0 279.4 0 192C0 85.96 85.96 0 192 0C298 0 384 85.96 384 192C384 279.4 267 435 215.7 499.2C203.4 514.5 180.6 514.5 168.3 499.2H168.3zM192 256C227.3 256 256 227.3 256 192C256 156.7 227.3 128 192 128C156.7 128 128 156.7 128 192C128 227.3 156.7 256 192 256z\"><\/path><\/svg><\/div><div class=\"uagb-ifb-title-wrap\"><p class=\"uagb-ifb-title\">Via Anton Pann, Bl. 28, 611123 Romano<\/p><\/div><\/div><\/div><\/div>\n\n\n\n<div class=\"wp-block-uagb-info-box uagb-block-kelshccx uagb-infobox__content-wrap  uagb-infobox-icon-left-title uagb-infobox-left uagb-infobox-image-valign-top\"><div class=\"uagb-ifb-content\"><div class=\"uagb-ifb-left-title-image\"><div class=\"uagb-ifb-icon-wrap\"><svg xmlns=\"https:\/\/www.w3.org\/2000\/svg\" viewbox=\"0 0 512 512\"><path d=\"M511.2 387l-23.25 100.8c-3.266 14.25-15.79 24.22-30.46 24.22C205.2 512 0 306.8 0 54.5c0-14.66 9.969-27.2 24.22-30.45l100.8-23.25C139.7-2.602 154.7 5.018 160.8 18.92l46.52 108.5c5.438 12.78 1.77 27.67-8.98 36.45L144.5 207.1c33.98 69.22 90.26 125.5 159.5 159.5l44.08-53.8c8.688-10.78 23.69-14.51 36.47-8.975l108.5 46.51C506.1 357.2 514.6 372.4 511.2 387z\"><\/path><\/svg><\/div><div class=\"uagb-ifb-title-wrap\"><p class=\"uagb-ifb-title\">0750 860 129<\/p><\/div><\/div><\/div><\/div>\n\n\n\n<div class=\"wp-block-uagb-info-box uagb-block-mhuut4jl uagb-infobox__content-wrap  uagb-infobox-icon-left-title uagb-infobox-left uagb-infobox-image-valign-top\"><div class=\"uagb-ifb-content\"><div class=\"uagb-ifb-left-title-image\"><div class=\"uagb-ifb-icon-wrap\"><svg xmlns=\"https:\/\/www.w3.org\/2000\/svg\" viewbox=\"0 0 512 512\"><path d=\"M464 64C490.5 64 512 85.49 512 112C512 127.1 504.9 141.3 492.8 150.4L275.2 313.6C263.8 322.1 248.2 322.1 236.8 313.6L19.2 150.4C7.113 141.3 0 127.1 0 112C0 85.49 21.49 64 48 64H464zM217.6 339.2C240.4 356.3 271.6 356.3 294.4 339.2L512 176V384C512 419.3 483.3 448 448 448H64C28.65 448 0 419.3 0 384V176L217.6 339.2z\"><\/path><\/svg><\/div><div class=\"uagb-ifb-title-wrap\"><p class=\"uagb-ifb-title\">MAGDAARAMA@GMAIL.COM<\/p><\/div><\/div><\/div><\/div>\n\n\n\n<div class=\"wp-block-uagb-buttons uagb-buttons__outer-wrap uagb-btn__default-btn uagb-btn-tablet__default-btn uagb-btn-mobile__default-btn uagb-block-tqw3nthh\"><div class=\"uagb-buttons__wrap uagb-buttons-layout-wrap\">\n<div class=\"wp-block-uagb-buttons-child uagb-buttons__outer-wrap uagb-block-5hgjqfm9 wp-block-button\"><div class=\"uagb-button__wrapper\"><a class=\"uagb-buttons-repeater wp-block-button__link\" aria-label=\"\" href=\"https:\/\/maps.app.goo.gl\/TouvZP3SBgXZVWm88\" rel=\"follow noopener\" target=\"_blank\" role=\"button\"><div class=\"uagb-button__link\">Ottieni indicazioni stradali<\/div><span class=\"uagb-button__icon uagb-button__icon-position-after\"><svg xmlns=\"https:\/\/www.w3.org\/2000\/svg\" viewbox=\"0 0 320 512\" aria-hidden=\"true\" focussable=\"false\"><path d=\"M96 480c-8.188 0-16.38-3.125-22.62-9.375c-12.5-12.5-12.5-32.75 0-45.25L242.8 256L73.38 86.63c-12.5-12.5-12.5-32.75 0-45.25s32.75-12.5 45.25 0l192 192c12.5 12.5 12.5 32.75 0 45.25l-192 192C112.4 476.9 104.2 480 96 480z\"><\/path><\/svg><\/span><\/a><\/div><\/div>\n<\/div><\/div>\n\n\n\t\t\t<div \n\t\t\tclass=\"wp-block-uagb-google-map uagb-google-map__wrap uagb-block-mk8pave7\"\n\t\t\tstyle=\"\" >\n\t\t\t\t<embed\n\t\t\t\t\tclass=\"uagb-google-map__iframe\"\n\t\t\t\t\ttitle=\"Google Map for \"\n\t\t\t\t\tsrc=\"https:\/\/maps.google.com\/maps?q=%20Strada%20Antin%20Pann%2C%20Bl.%2028%2C%20Ap.%2017%2C%20611123%20Roman%2C%20Rom%C3%A2nia&#038;z=12&#038;hl=en&#038;t=m&#038;output=embed&#038;iwloc=near\"\n\t\t\t\t\twidth=\"640\"\n\t\t\t\t\theight=\"300\"\n\t\t\t\t\tloading=\"lazy\"\n\t\t\t\t><\/embed>\n\t\t\t<\/div>\n\t\t\t<\/div>\n\n\n\n<div class=\"wp-block-uagb-container uagb-block-idovjxjq\">\n<div class=\"wp-block-uagb-info-box uagb-block-rne44vql uagb-infobox__content-wrap  uagb-infobox-icon-above-title uagb-infobox-image-valign-top\"><div class=\"uagb-ifb-content\"><div class=\"uagb-ifb-title-wrap\"><h3 class=\"uagb-ifb-title\">Scrivimi un messaggio<\/h3><\/div><p class=\"uagb-ifb-desc\">Fammi tutte le domande che vuoi.<\/p><\/div><\/div>\n\n\n\n<div class=\"wp-block-uagb-forms uagb-forms__outer-wrap uagb-block-98pjdt1x uagb-forms__default-btn\"><form class=\"uagb-forms-main-form\" method=\"post\" autocomplete=\"on\" name=\"uagb-form-98pjdt1x\" action=\"\">\n<div class=\"wp-block-uagb-forms-name uagb-forms-name-wrap uagb-forms-field-set uagb-block-oe6czfeu uag-col-2\"><div class=\"uagb-forms-name-label required uagb-forms-input-label\" id=\"oe6czfeu\">Nome<\/div><input type=\"text\" placeholder=\"\" required class=\"uagb-forms-name-input uagb-forms-input\" name=\"oe6czfeu\" autocomplete=\"given-name\"\/><\/div>\n\n\n\n<div class=\"wp-block-uagb-forms-name uagb-forms-name-wrap uagb-forms-field-set uagb-block-0x7i7gjc uag-col-2\"><div class=\"uagb-forms-name-label required uagb-forms-input-label\" id=\"0x7i7gjc\">Cognome<\/div><input type=\"text\" placeholder=\"\" required class=\"uagb-forms-name-input uagb-forms-input\" name=\"0x7i7gjc\" autocomplete=\"family-name\"\/><\/div>\n\n\n\n<div class=\"wp-block-uagb-forms-email uagb-forms-email-wrap uagb-forms-field-set uagb-block-jxwsgpbb\"><div class=\"uagb-forms-email-label required uagb-forms-input-label\" id=\"jxwsgpbb\">E-mail<\/div><input type=\"email\" class=\"uagb-forms-email-input uagb-forms-input\" placeholder=\"\" required name=\"jxwsgpbb\" autocomplete=\"email\"\/><\/div>\n\n\n\n<div class=\"wp-block-uagb-forms-textarea uagb-forms-textarea-wrap uagb-forms-field-set uagb-block-vs587ign\"><div class=\"uagb-forms-textarea-label required uagb-forms-input-label\" id=\"vs587ign\">Messaggio<\/div><textarea required class=\"uagb-forms-textarea-input uagb-forms-input\" rows=\"6\" placeholder=\"\" name=\"vs587ign\" autocomplete=\"off\"><\/textarea><\/div>\n<div class=\"uagb-forms-form-hidden-data\"><input type=\"hidden\" class=\"uagb_forms_form_label\" value=\"Spectra Form\"\/><input type=\"hidden\" class=\"uagb_forms_form_id\" value=\"uagb-form-98pjdt1x\"\/><\/div><div class=\"uagb-form-reacaptcha-error-98pjdt1x\"><\/div><div class=\"uagb-forms-main-submit-button-wrap wp-block-button\"><button class=\"uagb-forms-main-submit-button wp-block-button__link\"><div class=\"uagb-forms-main-submit-button-text\">Invia modulo<\/div><\/button><\/div><input type=\"hidden\" name=\"trp-form-language\" value=\"it\"\/><\/form><div class=\"uagb-forms-success-message-98pjdt1x uagb-forms-submit-message-hide\"><span>Il modulo \u00e8 stato inviato con successo!<\/span><\/div><div class=\"uagb-forms-failed-message-98pjdt1x uagb-forms-submit-message-hide\"><span>Si \u00e8 verificato un errore durante l&#039;invio del modulo. Si prega di verificare nuovamente tutti i campi del modulo.<\/span><\/div><\/div>\n<\/div>\n<\/div><\/div>","protected":false},"excerpt":{"rendered":"<p>Vibra\u021bia este totul. \u0218i fiecare vibra\u021bie are propria sa frecven\u021b\u0103. Expun\u00e2nd corpul la frecven\u021bele Solfeggio, po\u021bi ob\u021bine cu u\u0219urin\u021b\u0103 un sentiment mai profund de echilibru \u0219i vindecare profund\u0103. Frecven\u021bele Solfeggio te vor alinia cu ritmurile \u0219i tonurile care formeaz\u0103 baza Universului. De mult timp asociate cu muzica de medita\u021bie, frecven\u021bele Solfeggio au reputa\u021bia de a&hellip;&nbsp;<a href=\"https:\/\/www.magdaarama.it\/it\/ondamed-si-frecventele-solfeggio\/\" rel=\"bookmark\">Leggi tutto &raquo;<span class=\"screen-reader-text\">Ondamed \u0219i Frecven\u021bele Solfeggio<\/span><\/a><\/p>","protected":false},"author":1,"featured_media":1540,"comment_status":"closed","ping_status":"open","sticky":false,"template":"","format":"standard","meta":{"_uag_custom_page_level_css":"","advgb_blocks_editor_width":"","advgb_blocks_columns_visual_guide":"","neve_meta_sidebar":"","neve_meta_container":"","neve_meta_enable_content_width":"","neve_meta_content_width":0,"neve_meta_title_alignment":"","neve_meta_author_avatar":"","neve_post_elements_order":"","neve_meta_disable_header":"","neve_meta_disable_footer":"","neve_meta_disable_title":"","footnotes":""},"categories":[18],"tags":[],"class_list":["post-1539","post","type-post","status-publish","format-standard","has-post-thumbnail","hentry","category-blog"],"yoast_head":"<!-- This site is optimized with the Yoast SEO plugin v28.3 - https:\/\/yoast.com\/product\/yoast-seo-wordpress\/ -->\n<title>Ondamed \u0219i Frecven\u021bele Solfeggio - Magda E. Arama - Naturopat\u0103<\/title>\n<meta name=\"description\" content=\"Vibra\u021bia este totul. \u0218i fiecare vibra\u021bie are propria sa frecven\u021b\u0103. Expun\u00e2nd corpul la frecven\u021bele Solfeggio, po\u021bi ob\u021bine cu u\u0219urin\u021b\u0103\" \/>\n<meta name=\"robots\" content=\"index, follow, max-snippet:-1, max-image-preview:large, max-video-preview:-1\" \/>\n<link rel=\"canonical\" href=\"https:\/\/www.magdaarama.it\/it\/ondamed-si-frecventele-solfeggio\/\" \/>\n<meta property=\"og:locale\" content=\"it_IT\" \/>\n<meta property=\"og:type\" content=\"article\" \/>\n<meta property=\"og:title\" content=\"Ondamed \u0219i Frecven\u021bele Solfeggio - Magda E. Arama - Naturopat\u0103\" \/>\n<meta property=\"og:description\" content=\"Vibra\u021bia este totul. \u0218i fiecare vibra\u021bie are propria sa frecven\u021b\u0103. Expun\u00e2nd corpul la frecven\u021bele Solfeggio, po\u021bi ob\u021bine cu u\u0219urin\u021b\u0103\" \/>\n<meta property=\"og:url\" content=\"https:\/\/www.magdaarama.it\/it\/ondamed-si-frecventele-solfeggio\/\" \/>\n<meta property=\"og:site_name\" content=\"Magda E. Arama - Naturopat\u0103\" \/>\n<meta property=\"article:publisher\" content=\"https:\/\/www.facebook.com\/MagdaAramaNaturopatia\/\" \/>\n<meta property=\"article:author\" content=\"https:\/\/www.facebook.com\/MagdaAramaNaturopatia\/\" \/>\n<meta property=\"article:published_time\" content=\"2025-06-16T17:55:31+00:00\" \/>\n<meta property=\"article:modified_time\" content=\"2025-09-26T22:59:14+00:00\" \/>\n<meta property=\"og:image\" content=\"https:\/\/www.magdaarama.it\/wp-content\/uploads\/2025\/06\/photo_2025-06-16_19-54-27.jpg\" \/>\n\t<meta property=\"og:image:width\" content=\"1080\" \/>\n\t<meta property=\"og:image:height\" content=\"665\" \/>\n\t<meta property=\"og:image:type\" content=\"image\/jpeg\" \/>\n<meta name=\"author\" content=\"wp_15293167\" \/>\n<meta name=\"twitter:card\" content=\"summary_large_image\" \/>\n<meta name=\"twitter:label1\" content=\"Scritto da\" \/>\n\t<meta name=\"twitter:data1\" content=\"wp_15293167\" \/>\n\t<meta name=\"twitter:label2\" content=\"Tempo di lettura stimato\" \/>\n\t<meta name=\"twitter:data2\" content=\"4 minuti\" \/>\n<script type=\"application\/ld+json\" class=\"yoast-schema-graph\">{\"@context\":\"https:\\\/\\\/schema.org\",\"@graph\":[{\"@type\":\"Article\",\"@id\":\"https:\\\/\\\/www.magdaarama.it\\\/ondamed-si-frecventele-solfeggio\\\/#article\",\"isPartOf\":{\"@id\":\"https:\\\/\\\/www.magdaarama.it\\\/ondamed-si-frecventele-solfeggio\\\/\"},\"author\":{\"name\":\"wp_15293167\",\"@id\":\"https:\\\/\\\/www.magdaarama.it\\\/#\\\/schema\\\/person\\\/92a8160f1564c0eb2f6af688f3ee5a41\"},\"headline\":\"Ondamed \u0219i Frecven\u021bele Solfeggio\",\"datePublished\":\"2025-06-16T17:55:31+00:00\",\"dateModified\":\"2025-09-26T22:59:14+00:00\",\"mainEntityOfPage\":{\"@id\":\"https:\\\/\\\/www.magdaarama.it\\\/ondamed-si-frecventele-solfeggio\\\/\"},\"wordCount\":685,\"publisher\":{\"@id\":\"https:\\\/\\\/www.magdaarama.it\\\/#\\\/schema\\\/person\\\/92a8160f1564c0eb2f6af688f3ee5a41\"},\"image\":{\"@id\":\"https:\\\/\\\/www.magdaarama.it\\\/ondamed-si-frecventele-solfeggio\\\/#primaryimage\"},\"thumbnailUrl\":\"https:\\\/\\\/www.magdaarama.it\\\/wp-content\\\/uploads\\\/2025\\\/06\\\/photo_2025-06-16_19-54-27.jpg\",\"articleSection\":[\"blog\"],\"inLanguage\":\"it-IT\"},{\"@type\":\"WebPage\",\"@id\":\"https:\\\/\\\/www.magdaarama.it\\\/ondamed-si-frecventele-solfeggio\\\/\",\"url\":\"https:\\\/\\\/www.magdaarama.it\\\/ondamed-si-frecventele-solfeggio\\\/\",\"name\":\"Ondamed \u0219i Frecven\u021bele Solfeggio - Magda E. Arama - Naturopat\u0103\",\"isPartOf\":{\"@id\":\"https:\\\/\\\/www.magdaarama.it\\\/#website\"},\"primaryImageOfPage\":{\"@id\":\"https:\\\/\\\/www.magdaarama.it\\\/ondamed-si-frecventele-solfeggio\\\/#primaryimage\"},\"image\":{\"@id\":\"https:\\\/\\\/www.magdaarama.it\\\/ondamed-si-frecventele-solfeggio\\\/#primaryimage\"},\"thumbnailUrl\":\"https:\\\/\\\/www.magdaarama.it\\\/wp-content\\\/uploads\\\/2025\\\/06\\\/photo_2025-06-16_19-54-27.jpg\",\"datePublished\":\"2025-06-16T17:55:31+00:00\",\"dateModified\":\"2025-09-26T22:59:14+00:00\",\"description\":\"Vibra\u021bia este totul. \u0218i fiecare vibra\u021bie are propria sa frecven\u021b\u0103. Expun\u00e2nd corpul la frecven\u021bele Solfeggio, po\u021bi ob\u021bine cu u\u0219urin\u021b\u0103\",\"breadcrumb\":{\"@id\":\"https:\\\/\\\/www.magdaarama.it\\\/ondamed-si-frecventele-solfeggio\\\/#breadcrumb\"},\"inLanguage\":\"it-IT\",\"potentialAction\":[{\"@type\":\"ReadAction\",\"target\":[\"https:\\\/\\\/www.magdaarama.it\\\/ondamed-si-frecventele-solfeggio\\\/\"]}]},{\"@type\":\"ImageObject\",\"inLanguage\":\"it-IT\",\"@id\":\"https:\\\/\\\/www.magdaarama.it\\\/ondamed-si-frecventele-solfeggio\\\/#primaryimage\",\"url\":\"https:\\\/\\\/www.magdaarama.it\\\/wp-content\\\/uploads\\\/2025\\\/06\\\/photo_2025-06-16_19-54-27.jpg\",\"contentUrl\":\"https:\\\/\\\/www.magdaarama.it\\\/wp-content\\\/uploads\\\/2025\\\/06\\\/photo_2025-06-16_19-54-27.jpg\",\"width\":1080,\"height\":665},{\"@type\":\"BreadcrumbList\",\"@id\":\"https:\\\/\\\/www.magdaarama.it\\\/ondamed-si-frecventele-solfeggio\\\/#breadcrumb\",\"itemListElement\":[{\"@type\":\"ListItem\",\"position\":1,\"name\":\"Home\",\"item\":\"https:\\\/\\\/www.magdaarama.it\\\/\"},{\"@type\":\"ListItem\",\"position\":2,\"name\":\"Ondamed \u0219i Frecven\u021bele Solfeggio\"}]},{\"@type\":\"WebSite\",\"@id\":\"https:\\\/\\\/www.magdaarama.it\\\/#website\",\"url\":\"https:\\\/\\\/www.magdaarama.it\\\/\",\"name\":\"Magda E. Arama - Naturopat\u0103\",\"description\":\"\",\"publisher\":{\"@id\":\"https:\\\/\\\/www.magdaarama.it\\\/#\\\/schema\\\/person\\\/92a8160f1564c0eb2f6af688f3ee5a41\"},\"potentialAction\":[{\"@type\":\"SearchAction\",\"target\":{\"@type\":\"EntryPoint\",\"urlTemplate\":\"https:\\\/\\\/www.magdaarama.it\\\/?s={search_term_string}\"},\"query-input\":{\"@type\":\"PropertyValueSpecification\",\"valueRequired\":true,\"valueName\":\"search_term_string\"}}],\"inLanguage\":\"it-IT\"},{\"@type\":[\"Person\",\"Organization\"],\"@id\":\"https:\\\/\\\/www.magdaarama.it\\\/#\\\/schema\\\/person\\\/92a8160f1564c0eb2f6af688f3ee5a41\",\"name\":\"wp_15293167\",\"image\":{\"@type\":\"ImageObject\",\"inLanguage\":\"it-IT\",\"@id\":\"https:\\\/\\\/www.magdaarama.it\\\/wp-content\\\/uploads\\\/2022\\\/11\\\/magda_arama_2021.png\",\"url\":\"https:\\\/\\\/www.magdaarama.it\\\/wp-content\\\/uploads\\\/2022\\\/11\\\/magda_arama_2021.png\",\"contentUrl\":\"https:\\\/\\\/www.magdaarama.it\\\/wp-content\\\/uploads\\\/2022\\\/11\\\/magda_arama_2021.png\",\"width\":928,\"height\":929,\"caption\":\"wp_15293167\"},\"logo\":{\"@id\":\"https:\\\/\\\/www.magdaarama.it\\\/wp-content\\\/uploads\\\/2022\\\/11\\\/magda_arama_2021.png\"},\"sameAs\":[\"https:\\\/\\\/www.magdaarama.it\",\"https:\\\/\\\/www.facebook.com\\\/MagdaAramaNaturopatia\\\/\",\"https:\\\/\\\/www.instagram.com\\\/magda_arama\",\"https:\\\/\\\/www.youtube.com\\\/@MagdaArama\"],\"url\":\"https:\\\/\\\/www.magdaarama.it\\\/it\\\/author\\\/wp_15293167\\\/\"}]}<\/script>\n<!-- \/ Yoast SEO plugin. -->","yoast_head_json":{"title":"Ondamed \u0219i Frecven\u021bele Solfeggio - Magda E. Arama - Naturopat\u0103","description":"Vibra\u021bia este totul. \u0218i fiecare vibra\u021bie are propria sa frecven\u021b\u0103. Expun\u00e2nd corpul la frecven\u021bele Solfeggio, po\u021bi ob\u021bine cu u\u0219urin\u021b\u0103","robots":{"index":"index","follow":"follow","max-snippet":"max-snippet:-1","max-image-preview":"max-image-preview:large","max-video-preview":"max-video-preview:-1"},"canonical":"https:\/\/www.magdaarama.it\/it\/ondamed-si-frecventele-solfeggio\/","og_locale":"it_IT","og_type":"article","og_title":"Ondamed \u0219i Frecven\u021bele Solfeggio - Magda E. Arama - Naturopat\u0103","og_description":"Vibra\u021bia este totul. \u0218i fiecare vibra\u021bie are propria sa frecven\u021b\u0103. Expun\u00e2nd corpul la frecven\u021bele Solfeggio, po\u021bi ob\u021bine cu u\u0219urin\u021b\u0103","og_url":"https:\/\/www.magdaarama.it\/it\/ondamed-si-frecventele-solfeggio\/","og_site_name":"Magda E. Arama - Naturopat\u0103","article_publisher":"https:\/\/www.facebook.com\/MagdaAramaNaturopatia\/","article_author":"https:\/\/www.facebook.com\/MagdaAramaNaturopatia\/","article_published_time":"2025-06-16T17:55:31+00:00","article_modified_time":"2025-09-26T22:59:14+00:00","og_image":[{"width":1080,"height":665,"url":"https:\/\/www.magdaarama.it\/wp-content\/uploads\/2025\/06\/photo_2025-06-16_19-54-27.jpg","type":"image\/jpeg"}],"author":"wp_15293167","twitter_card":"summary_large_image","twitter_misc":{"Scritto da":"wp_15293167","Tempo di lettura stimato":"4 minuti"},"schema":{"@context":"https:\/\/schema.org","@graph":[{"@type":"Article","@id":"https:\/\/www.magdaarama.it\/ondamed-si-frecventele-solfeggio\/#article","isPartOf":{"@id":"https:\/\/www.magdaarama.it\/ondamed-si-frecventele-solfeggio\/"},"author":{"name":"wp_15293167","@id":"https:\/\/www.magdaarama.it\/#\/schema\/person\/92a8160f1564c0eb2f6af688f3ee5a41"},"headline":"Ondamed \u0219i Frecven\u021bele Solfeggio","datePublished":"2025-06-16T17:55:31+00:00","dateModified":"2025-09-26T22:59:14+00:00","mainEntityOfPage":{"@id":"https:\/\/www.magdaarama.it\/ondamed-si-frecventele-solfeggio\/"},"wordCount":685,"publisher":{"@id":"https:\/\/www.magdaarama.it\/#\/schema\/person\/92a8160f1564c0eb2f6af688f3ee5a41"},"image":{"@id":"https:\/\/www.magdaarama.it\/ondamed-si-frecventele-solfeggio\/#primaryimage"},"thumbnailUrl":"https:\/\/www.magdaarama.it\/wp-content\/uploads\/2025\/06\/photo_2025-06-16_19-54-27.jpg","articleSection":["blog"],"inLanguage":"it-IT"},{"@type":"WebPage","@id":"https:\/\/www.magdaarama.it\/ondamed-si-frecventele-solfeggio\/","url":"https:\/\/www.magdaarama.it\/ondamed-si-frecventele-solfeggio\/","name":"Ondamed \u0219i Frecven\u021bele Solfeggio - Magda E. Arama - Naturopat\u0103","isPartOf":{"@id":"https:\/\/www.magdaarama.it\/#website"},"primaryImageOfPage":{"@id":"https:\/\/www.magdaarama.it\/ondamed-si-frecventele-solfeggio\/#primaryimage"},"image":{"@id":"https:\/\/www.magdaarama.it\/ondamed-si-frecventele-solfeggio\/#primaryimage"},"thumbnailUrl":"https:\/\/www.magdaarama.it\/wp-content\/uploads\/2025\/06\/photo_2025-06-16_19-54-27.jpg","datePublished":"2025-06-16T17:55:31+00:00","dateModified":"2025-09-26T22:59:14+00:00","description":"Vibra\u021bia este totul. \u0218i fiecare vibra\u021bie are propria sa frecven\u021b\u0103. Expun\u00e2nd corpul la frecven\u021bele Solfeggio, po\u021bi ob\u021bine cu u\u0219urin\u021b\u0103","breadcrumb":{"@id":"https:\/\/www.magdaarama.it\/ondamed-si-frecventele-solfeggio\/#breadcrumb"},"inLanguage":"it-IT","potentialAction":[{"@type":"ReadAction","target":["https:\/\/www.magdaarama.it\/ondamed-si-frecventele-solfeggio\/"]}]},{"@type":"ImageObject","inLanguage":"it-IT","@id":"https:\/\/www.magdaarama.it\/ondamed-si-frecventele-solfeggio\/#primaryimage","url":"https:\/\/www.magdaarama.it\/wp-content\/uploads\/2025\/06\/photo_2025-06-16_19-54-27.jpg","contentUrl":"https:\/\/www.magdaarama.it\/wp-content\/uploads\/2025\/06\/photo_2025-06-16_19-54-27.jpg","width":1080,"height":665},{"@type":"BreadcrumbList","@id":"https:\/\/www.magdaarama.it\/ondamed-si-frecventele-solfeggio\/#breadcrumb","itemListElement":[{"@type":"ListItem","position":1,"name":"Home","item":"https:\/\/www.magdaarama.it\/"},{"@type":"ListItem","position":2,"name":"Ondamed \u0219i Frecven\u021bele Solfeggio"}]},{"@type":"WebSite","@id":"https:\/\/www.magdaarama.it\/#website","url":"https:\/\/www.magdaarama.it\/","name":"Magda E. Arama - Naturopata","description":"","publisher":{"@id":"https:\/\/www.magdaarama.it\/#\/schema\/person\/92a8160f1564c0eb2f6af688f3ee5a41"},"potentialAction":[{"@type":"SearchAction","target":{"@type":"EntryPoint","urlTemplate":"https:\/\/www.magdaarama.it\/?s={search_term_string}"},"query-input":{"@type":"PropertyValueSpecification","valueRequired":true,"valueName":"search_term_string"}}],"inLanguage":"it-IT"},{"@type":["Person","Organization"],"@id":"https:\/\/www.magdaarama.it\/#\/schema\/person\/92a8160f1564c0eb2f6af688f3ee5a41","name":"wp_15293167","image":{"@type":"ImageObject","inLanguage":"it-IT","@id":"https:\/\/www.magdaarama.it\/wp-content\/uploads\/2022\/11\/magda_arama_2021.png","url":"https:\/\/www.magdaarama.it\/wp-content\/uploads\/2022\/11\/magda_arama_2021.png","contentUrl":"https:\/\/www.magdaarama.it\/wp-content\/uploads\/2022\/11\/magda_arama_2021.png","width":928,"height":929,"caption":"wp_15293167"},"logo":{"@id":"https:\/\/www.magdaarama.it\/wp-content\/uploads\/2022\/11\/magda_arama_2021.png"},"sameAs":["https:\/\/www.magdaarama.it","https:\/\/www.facebook.com\/MagdaAramaNaturopatia\/","https:\/\/www.instagram.com\/magda_arama","https:\/\/www.youtube.com\/@MagdaArama"],"url":"https:\/\/www.magdaarama.it\/it\/author\/wp_15293167\/"}]}},"author_meta":{"display_name":"wp_15293167","author_link":"https:\/\/www.magdaarama.it\/it\/author\/wp_15293167\/"},"featured_img":"https:\/\/www.magdaarama.it\/wp-content\/uploads\/2025\/06\/photo_2025-06-16_19-54-27-300x185.jpg","uagb_featured_image_src":{"full":["https:\/\/www.magdaarama.it\/wp-content\/uploads\/2025\/06\/photo_2025-06-16_19-54-27.jpg",1080,665,false],"thumbnail":["https:\/\/www.magdaarama.it\/wp-content\/uploads\/2025\/06\/photo_2025-06-16_19-54-27-150x150.jpg",150,150,true],"medium":["https:\/\/www.magdaarama.it\/wp-content\/uploads\/2025\/06\/photo_2025-06-16_19-54-27-300x185.jpg",300,185,true],"medium_large":["https:\/\/www.magdaarama.it\/wp-content\/uploads\/2025\/06\/photo_2025-06-16_19-54-27-768x473.jpg",768,473,true],"large":["https:\/\/www.magdaarama.it\/wp-content\/uploads\/2025\/06\/photo_2025-06-16_19-54-27-1024x631.jpg",1024,631,true],"1536x1536":["https:\/\/www.magdaarama.it\/wp-content\/uploads\/2025\/06\/photo_2025-06-16_19-54-27.jpg",1080,665,false],"2048x2048":["https:\/\/www.magdaarama.it\/wp-content\/uploads\/2025\/06\/photo_2025-06-16_19-54-27.jpg",1080,665,false],"trp-custom-language-flag":["https:\/\/www.magdaarama.it\/wp-content\/uploads\/2025\/06\/photo_2025-06-16_19-54-27-18x12.jpg",18,12,true],"neve-blog":["https:\/\/www.magdaarama.it\/wp-content\/uploads\/2025\/06\/photo_2025-06-16_19-54-27-930x620.jpg",930,620,true]},"uagb_author_info":{"display_name":"wp_15293167","author_link":"https:\/\/www.magdaarama.it\/it\/author\/wp_15293167\/"},"uagb_comment_info":0,"uagb_excerpt":"Vibra\u021bia este totul. \u0218i fiecare vibra\u021bie are propria sa frecven\u021b\u0103. Expun\u00e2nd corpul la frecven\u021bele Solfeggio, po\u021bi ob\u021bine cu u\u0219urin\u021b\u0103 un sentiment mai profund de echilibru \u0219i vindecare profund\u0103. Frecven\u021bele Solfeggio te vor alinia cu ritmurile \u0219i tonurile care formeaz\u0103 baza Universului. De mult timp asociate cu muzica de medita\u021bie, frecven\u021bele Solfeggio au reputa\u021bia de a&hellip;&nbsp;Leggi&hellip;","coauthors":[],"tax_additional":{"categories":{"linked":["<a href=\"https:\/\/www.magdaarama.it\/it\/category\/blog\/\" class=\"advgb-post-tax-term\">blog<\/a>"],"unlinked":["<span class=\"advgb-post-tax-term\">blog<\/span>"]}},"comment_count":"0","relative_dates":{"created":"Pubblicato 1 anno fa","modified":"Aggiornato 11 mesi fa"},"absolute_dates":{"created":"Pubblicato il 16 Giugno 2025","modified":"Aggiornato il 26 Settembre 2025"},"absolute_dates_time":{"created":"Pubblicato il 16 Giugno 2025 17:55","modified":"Aggiornato il 26 Settembre 2025 22:59"},"featured_img_caption":"","series_order":"","_links":{"self":[{"href":"https:\/\/www.magdaarama.it\/it\/wp-json\/wp\/v2\/posts\/1539","targetHints":{"allow":["GET"]}}],"collection":[{"href":"https:\/\/www.magdaarama.it\/it\/wp-json\/wp\/v2\/posts"}],"about":[{"href":"https:\/\/www.magdaarama.it\/it\/wp-json\/wp\/v2\/types\/post"}],"author":[{"embeddable":true,"href":"https:\/\/www.magdaarama.it\/it\/wp-json\/wp\/v2\/users\/1"}],"replies":[{"embeddable":true,"href":"https:\/\/www.magdaarama.it\/it\/wp-json\/wp\/v2\/comments?post=1539"}],"version-history":[{"count":9,"href":"https:\/\/www.magdaarama.it\/it\/wp-json\/wp\/v2\/posts\/1539\/revisions"}],"predecessor-version":[{"id":1776,"href":"https:\/\/www.magdaarama.it\/it\/wp-json\/wp\/v2\/posts\/1539\/revisions\/1776"}],"wp:featuredmedia":[{"embeddable":true,"href":"https:\/\/www.magdaarama.it\/it\/wp-json\/wp\/v2\/media\/1540"}],"wp:attachment":[{"href":"https:\/\/www.magdaarama.it\/it\/wp-json\/wp\/v2\/media?parent=1539"}],"wp:term":[{"taxonomy":"category","embeddable":true,"href":"https:\/\/www.magdaarama.it\/it\/wp-json\/wp\/v2\/categories?post=1539"},{"taxonomy":"post_tag","embeddable":true,"href":"https:\/\/www.magdaarama.it\/it\/wp-json\/wp\/v2\/tags?post=1539"}],"curies":[{"name":"wp","href":"https:\/\/api.w.org\/{rel}","templated":true}]}}