{"id":1191,"date":"2024-06-04T13:16:37","date_gmt":"2024-06-04T13:16:37","guid":{"rendered":"https:\/\/www.magdaarama.it\/?p=1191"},"modified":"2025-05-04T14:40:00","modified_gmt":"2025-05-04T14:40:00","slug":"de-la-disperare-la-serenitate-o-poveste-de-transformare-personala","status":"publish","type":"post","link":"https:\/\/www.magdaarama.it\/it\/de-la-disperare-la-serenitate-o-poveste-de-transformare-personala\/","title":{"rendered":"Dalla disperazione alla serenit\u00e0: una storia di trasformazione personale"},"content":{"rendered":"<h3><img loading=\"lazy\" decoding=\"async\" class=\"alignnone wp-image-1187 size-full\" src=\"https:\/\/www.magdaarama.it\/wp-content\/uploads\/2024\/06\/a-chi-appartiene.png\" alt=\"\" width=\"1782\" height=\"1024\" srcset=\"https:\/\/www.magdaarama.it\/wp-content\/uploads\/2024\/06\/a-chi-appartiene.png 1782w, https:\/\/www.magdaarama.it\/wp-content\/uploads\/2024\/06\/a-chi-appartiene-300x172.png 300w, https:\/\/www.magdaarama.it\/wp-content\/uploads\/2024\/06\/a-chi-appartiene-1024x588.png 1024w, https:\/\/www.magdaarama.it\/wp-content\/uploads\/2024\/06\/a-chi-appartiene-768x441.png 768w, https:\/\/www.magdaarama.it\/wp-content\/uploads\/2024\/06\/a-chi-appartiene-1536x883.png 1536w\" sizes=\"auto, (max-width: 1782px) 100vw, 1782px\" \/>Tu,\u00a0 prieten drag , e\u0219ti mult mai sensibil dec\u00e2t ai vrut vreodat\u0103 s\u0103 \u0219tii!<\/h3>\n<p>De fapt, e\u0219ti ca un mare receptor radio \u0219i captezi tot ce se \u00eent\u00e2mpl\u0103 \u00een jurul t\u0103u.<\/p>\n<p>\u0218i dac\u0103 \u021bi-a\u0219 spune c\u0103 98% din g\u00e2ndurile, sentimentele \u0219i emo\u021biile tale de fapt nu \u00ee\u021bi apar\u021bin? Nu sunt ale tale! Sunt doar ceva de care e\u0219ti con\u0219tient.<\/p>\n<p>Deci, de fiecare dat\u0103 c\u00e2nd te sim\u021bi ap\u0103sat \u00eencearc\u0103 s\u0103 te \u00eentrebi asta: &#8222;A cui apar\u021bine?&#8221; Dac\u0103 g\u00e2ndul, sentimentul sau emo\u021bia pe care o sim\u021bi se u\u0219ureaz\u0103 sau dispare, \u00eenseamn\u0103 c\u0103 nu era al t\u0103u. Acum, nu po\u021bi schimba ceva ce nu este al t\u0103u. A\u0219a c\u0103 trimite-le \u00eenapoi expeditorului \u0219i \u00eencepe s\u0103 percepi ceea ce este adev\u0103rat pentru tine.<\/p>\n<p>Cum ar fi via\u021ba \u0219i realitatea ta dac\u0103 ai \u00eenceta s\u0103 te judeci? \u0218i dac\u0103 ai fi una dintre cele mai mari corectitudini pe care lumea le-a v\u0103zut vreodat\u0103? \u0218i dac\u0103 tot ceea ce \u0219tii c\u0103 este posibil \u00een acele dimine\u021bi u\u0219oare \u0219i fericite de fapt&#8230; ar fi?<\/p>\n<p>Via\u021ba cui o tr\u0103ie\u0219ti atunci c\u00e2nd urmezi toate acestea, evit\u00e2nd s\u0103 fii tu \u00eensu\u021bi, prezent \u00een fiecare moment? Este un adev\u0103rat antrenament s\u0103 r\u0103m\u00e2i \u00een \u00eentrebare p\u00e2n\u0103 c\u00e2nd devii \u00eentrebarea: &#8222;A cui apar\u021bine asta?&#8221;<\/p>\n<p>Din experien\u021ba personal\u0103, aceast\u0103 \u00eentrebare a f\u0103cut s\u0103 dispar\u0103 instantaneu nori negri create de g\u00e2nduri\u00a0 ap\u0103rute dup\u0103 o situa\u021bie \u00a0avut\u0103 in familie, g\u00e2nduri care m\u0103 oprimau p\u00e2n\u0103 la punctul \u00een care sim\u021beam \u00een mintea mea fraze de genul: &#8222;De acum \u00eenainte via\u021ba mea va fi un co\u0219mar&#8221;, urmate de r\u00e2uri de lacrimi toat\u0103 noaptea \u0219i de dorin\u021ba de a disp\u0103rea de pe fa\u021ba p\u0103m\u00e2ntului.<\/p>\n<p>Cu o f\u0103r\u00e2m\u0103 de luciditate, a doua zi diminea\u021b\u0103 mi-am amintit s\u0103 pun aceast\u0103 \u00eentrebare binecuv\u00e2ntat\u0103.<\/p>\n<h3>Am \u00eentrebat pur \u0219i simplu: &#8222;A\u0219teapt\u0103 un moment,\u00a0 a cui apar\u021bine asta?&#8221;<\/h3>\n<p>Instantaneu, toat\u0103 greutatea s-a disipat \u0219i am reu\u0219it \u00een sf\u00e2r\u0219it s\u0103 respir cu pl\u0103m\u00e2nii plini.<\/p>\n<p>P\u0103ream s\u0103 fi ie\u0219it de sub ap\u0103 pentru c\u00e2t timp \u00eemi \u021binusem respira\u021bia f\u0103r\u0103 s\u0103-mi dau seama.<\/p>\n<p>\u00cemp\u0103rt\u0103\u0219esc acest episod pentru a v\u0103 \u00eencuraja s\u0103 pune\u021bi \u00eentreb\u0103ri \u0219i pentru a v\u0103 reaminti c\u0103 minciuna este \u00eentotdeauna greoi, \u00een timp ce adev\u0103rul este lejer.<\/p>\n<p>Suntem u\u0219ori c\u00e2nd suntem noi \u00een\u0219ine. Bucuria este starea noastr\u0103 natural\u0103, la fel ca \u0219i entuziasmul.\u00a0 Acestea sunt acele abilit\u0103\u021bi naturale care ne alimenteaz\u0103 VITALITATEA.<br \/>\nPierderea acestor elemente primordiale ale vie\u021bii echivaleaz\u0103 cu renun\u021barea la a tr\u0103i mult \u00eenainte de a muri fizic, uneori determin\u00e2nd chiar cauza.<\/p>\n<p>Ca\u00a0 \u0219i naturopata,\u00a0 am avut ocazia s\u0103 observ aceast\u0103 &#8222;stingere&#8221; la multe persoane. De \u00eendat\u0103 ce le-am oferit clien\u021bilor mei instrumentele potrivite, cei care sunt si au fost dispu\u0219i s\u0103 le primeasc\u0103 \u0219i s\u0103 le utilizeze, pot vedea schimb\u0103ri incredibile \u00een vie\u021bile lor.<\/p>\n<p>Cum devine \u0219i mai bine de at\u00e2t?<\/p>\n<p>\u2757\ud83c\udf3f<strong> I M P O R T A N T !<\/strong> \ud83c\udf3f\u2757<\/p>\n<p>\ud835\udc08\u0302\ud835\udc27\ud835\udc1c\ud835\udc1e\ud835\udc29\ud835\udc1a\u0302\ud835\udc27\ud835\udc1d \ud835\udc1c\ud835\udc2e \ud835\udfcf \ud835\udc22\ud835\udc2e\ud835\udc27\ud835\udc22\ud835\udc1e \ud835\udfd0\ud835\udfce\ud835\udfd0\ud835\udfd2, \ud835\udc28\ud835\udc1f\ud835\udc1e\ud835\udc2b \ud835\udc2c\ud835\udc1e\ud835\udc2c\ud835\udc22\ud835\udc2e\ud835\udc27\ud835\udc22 \ud835\udc28\ud835\udc27\ud835\udc25\ud835\udc22\ud835\udc27\ud835\udc1e \ud835\udc1d\ud835\udc1e \ud835\udc27\ud835\udc1a\ud835\udc2d\ud835\udc2e\ud835\udc2b\ud835\udc28\ud835\udc29\ud835\udc1a\ud835\udc2d\ud835\udc22\ud835\udc1e \ud835\udc2c\u0326\ud835\udc22 \ud835\udc1f\ud835\udc1a\ud835\udc1c\ud835\udc22\ud835\udc25\ud835\udc22\ud835\udc2d\ud835\udc1a\ud835\udc2b\ud835\udc1e \ud835\udc1e\ud835\udc27\ud835\udc1e\ud835\udc2b\ud835\udc20\ud835\udc1e\ud835\udc2d\ud835\udc22\ud835\udc1c\ud835\udc1a\u0306 \ud835\udc1d\ud835\udc1e \ud835\udfd1\ud835\udfce \ud835\udc1d\ud835\udc1e \ud835\udc26\ud835\udc22\ud835\udc27\ud835\udc2e\ud835\udc2d\ud835\udc1e \ud835\udc25\ud835\udc1a \ud835\udc1d\ud835\udc28\ud835\udc1a\ud835\udc2b \ud835\udfd3\ud835\udfce \ud835\udc11\ud835\udc28\ud835\udc27\/\ud835\udc2c\ud835\udc1e\ud835\udc2c\ud835\udc22\ud835\udc2e\ud835\udc27\ud835\udc1e.<\/p>\n<p><strong>Rezerv\u0103 acum prin formularul de mai jos.<\/strong><\/p>\n<div class=\"nv-iframe-embed\"><iframe loading=\"lazy\" title=\"Are Your Thoughts Really Yours? Discover the Power of &quot;Who Does This Belong To?\" width=\"1200\" height=\"675\" src=\"https:\/\/www.youtube.com\/embed\/bknodL-lJqA?feature=oembed\" frameborder=\"0\" allow=\"accelerometer; autoplay; clipboard-write; encrypted-media; gyroscope; picture-in-picture; web-share\" referrerpolicy=\"strict-origin-when-cross-origin\" allowfullscreen><\/iframe><\/div>\n<p><strong>Rezerv\u0103-\u021bi sesiunea chiar ast\u0103zi \u0219i \u00eencepe s\u0103 tr\u0103ie\u0219ti o via\u021b\u0103 mai u\u0219oar\u0103 \u0219i mai plin\u0103 de bucurie!<\/strong> \ud83c\udf3f<\/p>\n<h2>\ud835\udc00\ud835\udc2b\ud835\udc26\ud835\udc28\ud835\udc27\ud835\udc22\ud835\udc1a \ud835\udc22\ud835\udc27\ud835\udc2d\ud835\udc1e\ud835\udc2b\ud835\udc22\ud835\udc28\ud835\udc1a\ud835\udc2b\ud835\udc1a \ud835\udc20\ud835\udc1e\ud835\udc27\ud835\udc1e\ud835\udc2b\ud835\udc1e\ud835\udc1a\ud835\udc33\ud835\udc1a \ud835\udc1a\ud835\udc2b\ud835\udc26\ud835\udc28\ud835\udc27\ud835\udc22\ud835\udc1a \ud835\udc1e\ud835\udc31\ud835\udc2d\ud835\udc1e\ud835\udc2b\ud835\udc22\ud835\udc28\ud835\udc1a\ud835\udc2b\ud835\udc1a.<\/h2>\n<h2><strong>Magda Arama, Naturopata<\/strong>, Creatoare de U\u0219urin\u021b\u0103, Bucurie \u0219i Glorie<\/h2>\n<p>[contact-form-7 id=&#8221;005c2e1&#8243; title=&#8221;form pentru a solicita o consulta\u021bie online de 30 de minute&#8221;]<\/p>\n","protected":false},"excerpt":{"rendered":"<p>Tu,\u00a0 prieten drag , e\u0219ti mult mai sensibil dec\u00e2t ai vrut vreodat\u0103 s\u0103 \u0219tii! De fapt, e\u0219ti ca un mare receptor radio \u0219i captezi tot ce se \u00eent\u00e2mpl\u0103 \u00een jurul t\u0103u. \u0218i dac\u0103 \u021bi-a\u0219 spune c\u0103 98% din g\u00e2ndurile, sentimentele \u0219i emo\u021biile tale de fapt nu \u00ee\u021bi apar\u021bin? Nu sunt ale tale! Sunt doar ceva&hellip;&nbsp;<a href=\"https:\/\/www.magdaarama.it\/it\/de-la-disperare-la-serenitate-o-poveste-de-transformare-personala\/\" rel=\"bookmark\">Leggi tutto &raquo;<span class=\"screen-reader-text\">Dalla disperazione alla serenit\u00e0: una storia di trasformazione personale<\/span><\/a><\/p>","protected":false},"author":2,"featured_media":1187,"comment_status":"closed","ping_status":"open","sticky":false,"template":"","format":"standard","meta":{"_uag_custom_page_level_css":"","advgb_blocks_editor_width":"","advgb_blocks_columns_visual_guide":"","neve_meta_sidebar":"","neve_meta_container":"","neve_meta_enable_content_width":"","neve_meta_content_width":0,"neve_meta_title_alignment":"","neve_meta_author_avatar":"","neve_post_elements_order":"","neve_meta_disable_header":"","neve_meta_disable_footer":"","neve_meta_disable_title":"","footnotes":""},"categories":[18],"tags":[],"class_list":["post-1191","post","type-post","status-publish","format-standard","has-post-thumbnail","hentry","category-blog"],"yoast_head":"<!-- This site is optimized with the Yoast SEO plugin v28.3 - https:\/\/yoast.com\/product\/yoast-seo-wordpress\/ -->\n<title>De la Disperare la Serenitate: O Poveste de Transformare Personal\u0103 - Magda E. Arama - Naturopat\u0103<\/title>\n<meta name=\"description\" content=\"Tu, draga prieten , e\u0219ti mult mai sensibil dec\u00e2t ai vrut vreodat\u0103 s\u0103 \u0219tii!De fapt, e\u0219ti ca un mare receptor radio \u0219i captezi tot ce se \u00eent\u00e2mpl\u0103 \u00een jurul t\u0103u.\" \/>\n<meta name=\"robots\" content=\"index, follow, max-snippet:-1, max-image-preview:large, max-video-preview:-1\" \/>\n<link rel=\"canonical\" href=\"https:\/\/www.magdaarama.it\/it\/de-la-disperare-la-serenitate-o-poveste-de-transformare-personala\/\" \/>\n<meta property=\"og:locale\" content=\"it_IT\" \/>\n<meta property=\"og:type\" content=\"article\" \/>\n<meta property=\"og:title\" content=\"De la Disperare la Serenitate: O Poveste de Transformare Personal\u0103 - Magda E. Arama - Naturopat\u0103\" \/>\n<meta property=\"og:description\" content=\"Tu, draga prieten , e\u0219ti mult mai sensibil dec\u00e2t ai vrut vreodat\u0103 s\u0103 \u0219tii!De fapt, e\u0219ti ca un mare receptor radio \u0219i captezi tot ce se \u00eent\u00e2mpl\u0103 \u00een jurul t\u0103u.\" \/>\n<meta property=\"og:url\" content=\"https:\/\/www.magdaarama.it\/it\/de-la-disperare-la-serenitate-o-poveste-de-transformare-personala\/\" \/>\n<meta property=\"og:site_name\" content=\"Magda E. Arama - Naturopat\u0103\" \/>\n<meta property=\"article:publisher\" content=\"https:\/\/www.facebook.com\/MagdaAramaNaturopatia\/\" \/>\n<meta property=\"article:published_time\" content=\"2024-06-04T13:16:37+00:00\" \/>\n<meta property=\"article:modified_time\" content=\"2025-05-04T14:40:00+00:00\" \/>\n<meta property=\"og:image\" content=\"https:\/\/www.magdaarama.it\/wp-content\/uploads\/2024\/06\/a-chi-appartiene.png\" \/>\n\t<meta property=\"og:image:width\" content=\"1782\" \/>\n\t<meta property=\"og:image:height\" content=\"1024\" \/>\n\t<meta property=\"og:image:type\" content=\"image\/png\" \/>\n<meta name=\"author\" content=\"Cristiano Vanzolini\" \/>\n<meta name=\"twitter:card\" content=\"summary_large_image\" \/>\n<meta name=\"twitter:label1\" content=\"Scritto da\" \/>\n\t<meta name=\"twitter:data1\" content=\"Cristiano Vanzolini\" \/>\n\t<meta name=\"twitter:label2\" content=\"Tempo di lettura stimato\" \/>\n\t<meta name=\"twitter:data2\" content=\"4 minuti\" \/>\n<script type=\"application\/ld+json\" class=\"yoast-schema-graph\">{\"@context\":\"https:\\\/\\\/schema.org\",\"@graph\":[{\"@type\":\"Article\",\"@id\":\"https:\\\/\\\/www.magdaarama.it\\\/de-la-disperare-la-serenitate-o-poveste-de-transformare-personala\\\/#article\",\"isPartOf\":{\"@id\":\"https:\\\/\\\/www.magdaarama.it\\\/de-la-disperare-la-serenitate-o-poveste-de-transformare-personala\\\/\"},\"author\":{\"name\":\"Cristiano Vanzolini\",\"@id\":\"https:\\\/\\\/www.magdaarama.it\\\/#\\\/schema\\\/person\\\/ff2bcddc9375314964135788e48db787\"},\"headline\":\"De la Disperare la Serenitate: O Poveste de Transformare Personal\u0103\",\"datePublished\":\"2024-06-04T13:16:37+00:00\",\"dateModified\":\"2025-05-04T14:40:00+00:00\",\"mainEntityOfPage\":{\"@id\":\"https:\\\/\\\/www.magdaarama.it\\\/de-la-disperare-la-serenitate-o-poveste-de-transformare-personala\\\/\"},\"wordCount\":621,\"publisher\":{\"@id\":\"https:\\\/\\\/www.magdaarama.it\\\/#\\\/schema\\\/person\\\/92a8160f1564c0eb2f6af688f3ee5a41\"},\"image\":{\"@id\":\"https:\\\/\\\/www.magdaarama.it\\\/de-la-disperare-la-serenitate-o-poveste-de-transformare-personala\\\/#primaryimage\"},\"thumbnailUrl\":\"https:\\\/\\\/www.magdaarama.it\\\/wp-content\\\/uploads\\\/2024\\\/06\\\/a-chi-appartiene.png\",\"articleSection\":[\"blog\"],\"inLanguage\":\"it-IT\"},{\"@type\":\"WebPage\",\"@id\":\"https:\\\/\\\/www.magdaarama.it\\\/de-la-disperare-la-serenitate-o-poveste-de-transformare-personala\\\/\",\"url\":\"https:\\\/\\\/www.magdaarama.it\\\/de-la-disperare-la-serenitate-o-poveste-de-transformare-personala\\\/\",\"name\":\"De la Disperare la Serenitate: O Poveste de Transformare Personal\u0103 - Magda E. Arama - Naturopat\u0103\",\"isPartOf\":{\"@id\":\"https:\\\/\\\/www.magdaarama.it\\\/#website\"},\"primaryImageOfPage\":{\"@id\":\"https:\\\/\\\/www.magdaarama.it\\\/de-la-disperare-la-serenitate-o-poveste-de-transformare-personala\\\/#primaryimage\"},\"image\":{\"@id\":\"https:\\\/\\\/www.magdaarama.it\\\/de-la-disperare-la-serenitate-o-poveste-de-transformare-personala\\\/#primaryimage\"},\"thumbnailUrl\":\"https:\\\/\\\/www.magdaarama.it\\\/wp-content\\\/uploads\\\/2024\\\/06\\\/a-chi-appartiene.png\",\"datePublished\":\"2024-06-04T13:16:37+00:00\",\"dateModified\":\"2025-05-04T14:40:00+00:00\",\"description\":\"Tu, draga prieten , e\u0219ti mult mai sensibil dec\u00e2t ai vrut vreodat\u0103 s\u0103 \u0219tii!De fapt, e\u0219ti ca un mare receptor radio \u0219i captezi tot ce se \u00eent\u00e2mpl\u0103 \u00een jurul t\u0103u.\",\"breadcrumb\":{\"@id\":\"https:\\\/\\\/www.magdaarama.it\\\/de-la-disperare-la-serenitate-o-poveste-de-transformare-personala\\\/#breadcrumb\"},\"inLanguage\":\"it-IT\",\"potentialAction\":[{\"@type\":\"ReadAction\",\"target\":[\"https:\\\/\\\/www.magdaarama.it\\\/de-la-disperare-la-serenitate-o-poveste-de-transformare-personala\\\/\"]}]},{\"@type\":\"ImageObject\",\"inLanguage\":\"it-IT\",\"@id\":\"https:\\\/\\\/www.magdaarama.it\\\/de-la-disperare-la-serenitate-o-poveste-de-transformare-personala\\\/#primaryimage\",\"url\":\"https:\\\/\\\/www.magdaarama.it\\\/wp-content\\\/uploads\\\/2024\\\/06\\\/a-chi-appartiene.png\",\"contentUrl\":\"https:\\\/\\\/www.magdaarama.it\\\/wp-content\\\/uploads\\\/2024\\\/06\\\/a-chi-appartiene.png\",\"width\":1782,\"height\":1024},{\"@type\":\"BreadcrumbList\",\"@id\":\"https:\\\/\\\/www.magdaarama.it\\\/de-la-disperare-la-serenitate-o-poveste-de-transformare-personala\\\/#breadcrumb\",\"itemListElement\":[{\"@type\":\"ListItem\",\"position\":1,\"name\":\"Home\",\"item\":\"https:\\\/\\\/www.magdaarama.it\\\/\"},{\"@type\":\"ListItem\",\"position\":2,\"name\":\"De la Disperare la Serenitate: O Poveste de Transformare Personal\u0103\"}]},{\"@type\":\"WebSite\",\"@id\":\"https:\\\/\\\/www.magdaarama.it\\\/#website\",\"url\":\"https:\\\/\\\/www.magdaarama.it\\\/\",\"name\":\"Magda E. Arama - Naturopat\u0103\",\"description\":\"\",\"publisher\":{\"@id\":\"https:\\\/\\\/www.magdaarama.it\\\/#\\\/schema\\\/person\\\/92a8160f1564c0eb2f6af688f3ee5a41\"},\"potentialAction\":[{\"@type\":\"SearchAction\",\"target\":{\"@type\":\"EntryPoint\",\"urlTemplate\":\"https:\\\/\\\/www.magdaarama.it\\\/?s={search_term_string}\"},\"query-input\":{\"@type\":\"PropertyValueSpecification\",\"valueRequired\":true,\"valueName\":\"search_term_string\"}}],\"inLanguage\":\"it-IT\"},{\"@type\":[\"Person\",\"Organization\"],\"@id\":\"https:\\\/\\\/www.magdaarama.it\\\/#\\\/schema\\\/person\\\/92a8160f1564c0eb2f6af688f3ee5a41\",\"name\":\"wp_15293167\",\"image\":{\"@type\":\"ImageObject\",\"inLanguage\":\"it-IT\",\"@id\":\"https:\\\/\\\/www.magdaarama.it\\\/wp-content\\\/uploads\\\/2022\\\/11\\\/magda_arama_2021.png\",\"url\":\"https:\\\/\\\/www.magdaarama.it\\\/wp-content\\\/uploads\\\/2022\\\/11\\\/magda_arama_2021.png\",\"contentUrl\":\"https:\\\/\\\/www.magdaarama.it\\\/wp-content\\\/uploads\\\/2022\\\/11\\\/magda_arama_2021.png\",\"width\":928,\"height\":929,\"caption\":\"wp_15293167\"},\"logo\":{\"@id\":\"https:\\\/\\\/www.magdaarama.it\\\/wp-content\\\/uploads\\\/2022\\\/11\\\/magda_arama_2021.png\"},\"sameAs\":[\"https:\\\/\\\/www.magdaarama.it\",\"https:\\\/\\\/www.facebook.com\\\/MagdaAramaNaturopatia\\\/\",\"https:\\\/\\\/www.instagram.com\\\/magda_arama\",\"https:\\\/\\\/www.youtube.com\\\/@MagdaArama\"]},{\"@type\":\"Person\",\"@id\":\"https:\\\/\\\/www.magdaarama.it\\\/#\\\/schema\\\/person\\\/ff2bcddc9375314964135788e48db787\",\"name\":\"Cristiano Vanzolini\",\"url\":\"https:\\\/\\\/www.magdaarama.it\\\/it\\\/author\\\/admin\\\/\"}]}<\/script>\n<!-- \/ Yoast SEO plugin. -->","yoast_head_json":{"title":"De la Disperare la Serenitate: O Poveste de Transformare Personal\u0103 - Magda E. Arama - Naturopat\u0103","description":"Tu, draga prieten , e\u0219ti mult mai sensibil dec\u00e2t ai vrut vreodat\u0103 s\u0103 \u0219tii!De fapt, e\u0219ti ca un mare receptor radio \u0219i captezi tot ce se \u00eent\u00e2mpl\u0103 \u00een jurul t\u0103u.","robots":{"index":"index","follow":"follow","max-snippet":"max-snippet:-1","max-image-preview":"max-image-preview:large","max-video-preview":"max-video-preview:-1"},"canonical":"https:\/\/www.magdaarama.it\/it\/de-la-disperare-la-serenitate-o-poveste-de-transformare-personala\/","og_locale":"it_IT","og_type":"article","og_title":"De la Disperare la Serenitate: O Poveste de Transformare Personal\u0103 - Magda E. Arama - Naturopat\u0103","og_description":"Tu, draga prieten , e\u0219ti mult mai sensibil dec\u00e2t ai vrut vreodat\u0103 s\u0103 \u0219tii!De fapt, e\u0219ti ca un mare receptor radio \u0219i captezi tot ce se \u00eent\u00e2mpl\u0103 \u00een jurul t\u0103u.","og_url":"https:\/\/www.magdaarama.it\/it\/de-la-disperare-la-serenitate-o-poveste-de-transformare-personala\/","og_site_name":"Magda E. Arama - Naturopat\u0103","article_publisher":"https:\/\/www.facebook.com\/MagdaAramaNaturopatia\/","article_published_time":"2024-06-04T13:16:37+00:00","article_modified_time":"2025-05-04T14:40:00+00:00","og_image":[{"width":1782,"height":1024,"url":"https:\/\/www.magdaarama.it\/wp-content\/uploads\/2024\/06\/a-chi-appartiene.png","type":"image\/png"}],"author":"Cristiano Vanzolini","twitter_card":"summary_large_image","twitter_misc":{"Scritto da":"Cristiano Vanzolini","Tempo di lettura stimato":"4 minuti"},"schema":{"@context":"https:\/\/schema.org","@graph":[{"@type":"Article","@id":"https:\/\/www.magdaarama.it\/de-la-disperare-la-serenitate-o-poveste-de-transformare-personala\/#article","isPartOf":{"@id":"https:\/\/www.magdaarama.it\/de-la-disperare-la-serenitate-o-poveste-de-transformare-personala\/"},"author":{"name":"Cristiano Vanzolini","@id":"https:\/\/www.magdaarama.it\/#\/schema\/person\/ff2bcddc9375314964135788e48db787"},"headline":"De la Disperare la Serenitate: O Poveste de Transformare Personal\u0103","datePublished":"2024-06-04T13:16:37+00:00","dateModified":"2025-05-04T14:40:00+00:00","mainEntityOfPage":{"@id":"https:\/\/www.magdaarama.it\/de-la-disperare-la-serenitate-o-poveste-de-transformare-personala\/"},"wordCount":621,"publisher":{"@id":"https:\/\/www.magdaarama.it\/#\/schema\/person\/92a8160f1564c0eb2f6af688f3ee5a41"},"image":{"@id":"https:\/\/www.magdaarama.it\/de-la-disperare-la-serenitate-o-poveste-de-transformare-personala\/#primaryimage"},"thumbnailUrl":"https:\/\/www.magdaarama.it\/wp-content\/uploads\/2024\/06\/a-chi-appartiene.png","articleSection":["blog"],"inLanguage":"it-IT"},{"@type":"WebPage","@id":"https:\/\/www.magdaarama.it\/de-la-disperare-la-serenitate-o-poveste-de-transformare-personala\/","url":"https:\/\/www.magdaarama.it\/de-la-disperare-la-serenitate-o-poveste-de-transformare-personala\/","name":"De la Disperare la Serenitate: O Poveste de Transformare Personal\u0103 - Magda E. Arama - Naturopat\u0103","isPartOf":{"@id":"https:\/\/www.magdaarama.it\/#website"},"primaryImageOfPage":{"@id":"https:\/\/www.magdaarama.it\/de-la-disperare-la-serenitate-o-poveste-de-transformare-personala\/#primaryimage"},"image":{"@id":"https:\/\/www.magdaarama.it\/de-la-disperare-la-serenitate-o-poveste-de-transformare-personala\/#primaryimage"},"thumbnailUrl":"https:\/\/www.magdaarama.it\/wp-content\/uploads\/2024\/06\/a-chi-appartiene.png","datePublished":"2024-06-04T13:16:37+00:00","dateModified":"2025-05-04T14:40:00+00:00","description":"Tu, draga prieten , e\u0219ti mult mai sensibil dec\u00e2t ai vrut vreodat\u0103 s\u0103 \u0219tii!De fapt, e\u0219ti ca un mare receptor radio \u0219i captezi tot ce se \u00eent\u00e2mpl\u0103 \u00een jurul t\u0103u.","breadcrumb":{"@id":"https:\/\/www.magdaarama.it\/de-la-disperare-la-serenitate-o-poveste-de-transformare-personala\/#breadcrumb"},"inLanguage":"it-IT","potentialAction":[{"@type":"ReadAction","target":["https:\/\/www.magdaarama.it\/de-la-disperare-la-serenitate-o-poveste-de-transformare-personala\/"]}]},{"@type":"ImageObject","inLanguage":"it-IT","@id":"https:\/\/www.magdaarama.it\/de-la-disperare-la-serenitate-o-poveste-de-transformare-personala\/#primaryimage","url":"https:\/\/www.magdaarama.it\/wp-content\/uploads\/2024\/06\/a-chi-appartiene.png","contentUrl":"https:\/\/www.magdaarama.it\/wp-content\/uploads\/2024\/06\/a-chi-appartiene.png","width":1782,"height":1024},{"@type":"BreadcrumbList","@id":"https:\/\/www.magdaarama.it\/de-la-disperare-la-serenitate-o-poveste-de-transformare-personala\/#breadcrumb","itemListElement":[{"@type":"ListItem","position":1,"name":"Home","item":"https:\/\/www.magdaarama.it\/"},{"@type":"ListItem","position":2,"name":"De la Disperare la Serenitate: O Poveste de Transformare Personal\u0103"}]},{"@type":"WebSite","@id":"https:\/\/www.magdaarama.it\/#website","url":"https:\/\/www.magdaarama.it\/","name":"Magda E. Arama - Naturopata","description":"","publisher":{"@id":"https:\/\/www.magdaarama.it\/#\/schema\/person\/92a8160f1564c0eb2f6af688f3ee5a41"},"potentialAction":[{"@type":"SearchAction","target":{"@type":"EntryPoint","urlTemplate":"https:\/\/www.magdaarama.it\/?s={search_term_string}"},"query-input":{"@type":"PropertyValueSpecification","valueRequired":true,"valueName":"search_term_string"}}],"inLanguage":"it-IT"},{"@type":["Person","Organization"],"@id":"https:\/\/www.magdaarama.it\/#\/schema\/person\/92a8160f1564c0eb2f6af688f3ee5a41","name":"wp_15293167","image":{"@type":"ImageObject","inLanguage":"it-IT","@id":"https:\/\/www.magdaarama.it\/wp-content\/uploads\/2022\/11\/magda_arama_2021.png","url":"https:\/\/www.magdaarama.it\/wp-content\/uploads\/2022\/11\/magda_arama_2021.png","contentUrl":"https:\/\/www.magdaarama.it\/wp-content\/uploads\/2022\/11\/magda_arama_2021.png","width":928,"height":929,"caption":"wp_15293167"},"logo":{"@id":"https:\/\/www.magdaarama.it\/wp-content\/uploads\/2022\/11\/magda_arama_2021.png"},"sameAs":["https:\/\/www.magdaarama.it","https:\/\/www.facebook.com\/MagdaAramaNaturopatia\/","https:\/\/www.instagram.com\/magda_arama","https:\/\/www.youtube.com\/@MagdaArama"]},{"@type":"Person","@id":"https:\/\/www.magdaarama.it\/#\/schema\/person\/ff2bcddc9375314964135788e48db787","name":"Cristiano Vanzolini","url":"https:\/\/www.magdaarama.it\/it\/author\/admin\/"}]}},"author_meta":{"display_name":"Cristiano Vanzolini","author_link":"https:\/\/www.magdaarama.it\/it\/author\/admin\/"},"featured_img":"https:\/\/www.magdaarama.it\/wp-content\/uploads\/2024\/06\/a-chi-appartiene-300x172.png","uagb_featured_image_src":{"full":["https:\/\/www.magdaarama.it\/wp-content\/uploads\/2024\/06\/a-chi-appartiene.png",1782,1024,false],"thumbnail":["https:\/\/www.magdaarama.it\/wp-content\/uploads\/2024\/06\/a-chi-appartiene-150x150.png",150,150,true],"medium":["https:\/\/www.magdaarama.it\/wp-content\/uploads\/2024\/06\/a-chi-appartiene-300x172.png",300,172,true],"medium_large":["https:\/\/www.magdaarama.it\/wp-content\/uploads\/2024\/06\/a-chi-appartiene-768x441.png",768,441,true],"large":["https:\/\/www.magdaarama.it\/wp-content\/uploads\/2024\/06\/a-chi-appartiene-1024x588.png",1024,588,true],"1536x1536":["https:\/\/www.magdaarama.it\/wp-content\/uploads\/2024\/06\/a-chi-appartiene-1536x883.png",1536,883,true],"2048x2048":["https:\/\/www.magdaarama.it\/wp-content\/uploads\/2024\/06\/a-chi-appartiene.png",1782,1024,false],"trp-custom-language-flag":["https:\/\/www.magdaarama.it\/wp-content\/uploads\/2024\/06\/a-chi-appartiene.png",18,10,false],"neve-blog":["https:\/\/www.magdaarama.it\/wp-content\/uploads\/2024\/06\/a-chi-appartiene.png",930,534,false]},"uagb_author_info":{"display_name":"Cristiano Vanzolini","author_link":"https:\/\/www.magdaarama.it\/it\/author\/admin\/"},"uagb_comment_info":0,"uagb_excerpt":"Tu,\u00a0 prieten drag , e\u0219ti mult mai sensibil dec\u00e2t ai vrut vreodat\u0103 s\u0103 \u0219tii! De fapt, e\u0219ti ca un mare receptor radio \u0219i captezi tot ce se \u00eent\u00e2mpl\u0103 \u00een jurul t\u0103u. \u0218i dac\u0103 \u021bi-a\u0219 spune c\u0103 98% din g\u00e2ndurile, sentimentele \u0219i emo\u021biile tale de fapt nu \u00ee\u021bi apar\u021bin? Nu sunt ale tale! Sunt doar ceva&hellip;&nbsp;Leggi&hellip;","coauthors":[],"tax_additional":{"categories":{"linked":["<a href=\"https:\/\/www.magdaarama.it\/it\/category\/blog\/\" class=\"advgb-post-tax-term\">blog<\/a>"],"unlinked":["<span class=\"advgb-post-tax-term\">blog<\/span>"]}},"comment_count":"0","relative_dates":{"created":"Pubblicato 2 anni fa","modified":"Aggiornato 1 anno fa"},"absolute_dates":{"created":"Pubblicato il 4 Giugno 2024","modified":"Aggiornato il 4 Maggio 2025"},"absolute_dates_time":{"created":"Pubblicato il 4 Giugno 2024 13:16","modified":"Aggiornato il 4 Maggio 2025 14:40"},"featured_img_caption":"","series_order":"","_links":{"self":[{"href":"https:\/\/www.magdaarama.it\/it\/wp-json\/wp\/v2\/posts\/1191","targetHints":{"allow":["GET"]}}],"collection":[{"href":"https:\/\/www.magdaarama.it\/it\/wp-json\/wp\/v2\/posts"}],"about":[{"href":"https:\/\/www.magdaarama.it\/it\/wp-json\/wp\/v2\/types\/post"}],"author":[{"embeddable":true,"href":"https:\/\/www.magdaarama.it\/it\/wp-json\/wp\/v2\/users\/2"}],"replies":[{"embeddable":true,"href":"https:\/\/www.magdaarama.it\/it\/wp-json\/wp\/v2\/comments?post=1191"}],"version-history":[{"count":10,"href":"https:\/\/www.magdaarama.it\/it\/wp-json\/wp\/v2\/posts\/1191\/revisions"}],"predecessor-version":[{"id":1229,"href":"https:\/\/www.magdaarama.it\/it\/wp-json\/wp\/v2\/posts\/1191\/revisions\/1229"}],"wp:attachment":[{"href":"https:\/\/www.magdaarama.it\/it\/wp-json\/wp\/v2\/media?parent=1191"}],"wp:term":[{"taxonomy":"category","embeddable":true,"href":"https:\/\/www.magdaarama.it\/it\/wp-json\/wp\/v2\/categories?post=1191"},{"taxonomy":"post_tag","embeddable":true,"href":"https:\/\/www.magdaarama.it\/it\/wp-json\/wp\/v2\/tags?post=1191"}],"curies":[{"name":"wp","href":"https:\/\/api.w.org\/{rel}","templated":true}]}}